{"id":3976,"date":"2017-10-03T20:12:08","date_gmt":"2017-10-03T18:12:08","guid":{"rendered":"http:\/\/umacieja.net\/blog\/?p=3976"},"modified":"2017-10-03T20:16:56","modified_gmt":"2017-10-03T18:16:56","slug":"wata-cukrowa-sluzy","status":"publish","type":"post","link":"https:\/\/umacieja.net\/blog\/?p=3976","title":{"rendered":"Wata cukrowa s\u0142u\u017cy"},"content":{"rendered":"<p><a href=\"http:\/\/umacieja.net\/blog\/wp-content\/uploads\/2017\/10\/Parafialna_Wata_Cukrowa_2_135.jpg\"><img decoding=\"async\" loading=\"lazy\" class=\"wp-image-3977 aligncenter\" src=\"http:\/\/umacieja.net\/blog\/wp-content\/uploads\/2017\/10\/Parafialna_Wata_Cukrowa_2_135.jpg\" alt=\"\" width=\"515\" height=\"342\" srcset=\"https:\/\/umacieja.net\/blog\/wp-content\/uploads\/2017\/10\/Parafialna_Wata_Cukrowa_2_135.jpg 600w, https:\/\/umacieja.net\/blog\/wp-content\/uploads\/2017\/10\/Parafialna_Wata_Cukrowa_2_135-300x200.jpg 300w\" sizes=\"(max-width: 515px) 100vw, 515px\" \/><\/a><\/p>\n<p>Maryla Rodowicz, podczas \u015bwi\u0119towania 50 lecia pracy artystycznej, przypomnia\u0142a nam tekst znanej piosenki: &#8222;(&#8230;) \u017ce najbardziej mi \u017cal: kolorowych jarmark\u00f3w, blaszanych zegark\u00f3w, pierzastych kogucik\u00f3w, balonik\u00f3w na druciku, motyli drewnianych, konik\u00f3w bujanych,<strong> cukrowej waty<\/strong> i z piernika chaty&#8221;. Wielu z nas wspomina swoje dzieci\u0144stwo w kolorze i smaku powy\u017cszych s\u0142\u00f3w z refrenu piosenki &#8222;Kolorowe jarmarki&#8221;. Nie by\u0142o wtedy smartfon\u00f3w, tablet\u00f3w, gier komputerowych, samotno\u015bci w sieci. Ale by\u0142y kolorowe jarmarki, rodzinne odpusty, uroczyste obiady, obwarzanki, no i oczywi\u015bcie cukrowa wata!<\/p>\n<p>Podczas p\u00f3\u0142kolonii &#8222;Owocowe Wakacje&#8221; (z pomys\u0142u otwartej na natchnienia Ducha \u015awi\u0119tego p. Sylwii Ma\u0107kiewicz), pojawi\u0142 si\u0119 klaun z maszyn\u0105 do robienia waty cukrowej. Dzieci by\u0142y zachwycone. Widzia\u0142em ten <a href=\"http:\/\/parafiastrzygi.pl\/galeria\/thumbnails.php?album=46&amp;page=2\">b\u0142ysk w oczach uczestnik\u00f3w<\/a>&nbsp; Owocowych Wakacji. Ustawi\u0142a si\u0119 d\u0142uga kolejka i niekt\u00f3re z dzieci podchodzi\u0142y po kilka razy po wat\u0119. To chyba Duch \u015awi\u0119ty da\u0142 mi pomys\u0142, aby tak\u0105 maszyn\u0119 do robienia waty cukrowej kupi\u0107 dla parafii. I tak si\u0119 sta\u0142o. Przeszkolili\u015bmy kilka ekip i maszyna sta\u0142a si\u0119 oswojona.&nbsp;<\/p>\n<p>Zapracowa\u0142a ju\u017c na siebie i zarabia na dobre i szlachetne cele. Na odpu\u015bcie \u015bw. Rocha zarobi\u0142a ponad 600 z\u0142 na potrzeby duszpasterstwa dzieci i m\u0142odzie\u017cy, pocz\u0119stowa\u0142a wat\u0105 na deser ksi\u0119\u017cy na obiedzie odpustowym. Na do\u017cynkach pracowa\u0142a na pomoc w rehabilitacji druha Ma\u0107ka, kt\u00f3ry uleg\u0142 powa\u017cnemu wypadkowi. Podczas XVII Dnia Papieskiego b\u0119dziemy kr\u0119ci\u0107 wat\u0119 cukrow\u0105 dla \u015bw. Jana Paw\u0142a II i Jego stypendyst\u00f3w.<\/p>\n<p>Niby zwyk\u0142a maszyna, a ile daje rado\u015bci, spe\u0142nia marzenia, przyci\u0105ga dzieci i doros\u0142ych do ko\u015bcio\u0142a, pomaga w potrzebie. To te\u017c kolejny owoc Ducha \u015awi\u0119tego.&nbsp;<\/p>\n<p>Mt 18: <em>&#8222;Kto w\u0142a\u015bciwie jest najwi\u0119kszy w kr\u00f3lestwie niebieskim?&#8221;<span style=\"font-size: 13.3333px;\">.<\/span>&nbsp;On przywo\u0142a\u0142 dziecko, postawi\u0142 je przed nimi i rzek\u0142:&nbsp;&#8222;Zaprawd\u0119, powiadam wam: Je\u015bli si\u0119 nie odmienicie i nie staniecie jak dzieci, nie wejdziecie do kr\u00f3lestwa niebieskiego.&nbsp;Kto si\u0119 wi\u0119c uni\u017cy jak to dziecko, ten jest najwi\u0119kszy w kr\u00f3lestwie niebieskim.&#8221;<\/em><\/p>\n<p>Zapraszam wi\u0119c na wat\u0119 cukrow\u0105, kt\u00f3ra <a href=\"https:\/\/www.youtube.com\/watch?time_continue=10&amp;v=IOnDw1pTM8w\">s\u0142u\u017cy Nowej Ewangelizacji.<\/a><br \/>\n<iframe width=\"500\" height=\"281\" src=\"https:\/\/www.youtube.com\/embed\/IOnDw1pTM8w?feature=oembed\" frameborder=\"0\" allow=\"autoplay; encrypted-media\" allowfullscreen><\/iframe><\/p>\n<p>&nbsp;<\/p>\n","protected":false},"excerpt":{"rendered":"<p>Maryla Rodowicz, podczas \u015bwi\u0119towania 50 lecia pracy artystycznej, przypomnia\u0142a nam tekst znanej piosenki: &#8222;(&#8230;) \u017ce najbardziej mi \u017cal: kolorowych jarmark\u00f3w, blaszanych zegark\u00f3w, pierzastych kogucik\u00f3w, balonik\u00f3w na druciku, motyli drewnianych, konik\u00f3w bujanych, cukrowej waty i z piernika chaty&#8221;. Wielu z nas wspomina swoje dzieci\u0144stwo w kolorze i smaku powy\u017cszych s\u0142\u00f3w z refrenu piosenki &#8222;Kolorowe jarmarki&#8221;. Nie [&hellip;]<\/p>\n","protected":false},"author":1,"featured_media":0,"comment_status":"open","ping_status":"closed","sticky":false,"template":"","format":"standard","meta":{"ngg_post_thumbnail":0},"categories":[1],"tags":[],"_links":{"self":[{"href":"https:\/\/umacieja.net\/blog\/index.php?rest_route=\/wp\/v2\/posts\/3976"}],"collection":[{"href":"https:\/\/umacieja.net\/blog\/index.php?rest_route=\/wp\/v2\/posts"}],"about":[{"href":"https:\/\/umacieja.net\/blog\/index.php?rest_route=\/wp\/v2\/types\/post"}],"author":[{"embeddable":true,"href":"https:\/\/umacieja.net\/blog\/index.php?rest_route=\/wp\/v2\/users\/1"}],"replies":[{"embeddable":true,"href":"https:\/\/umacieja.net\/blog\/index.php?rest_route=%2Fwp%2Fv2%2Fcomments&post=3976"}],"version-history":[{"count":0,"href":"https:\/\/umacieja.net\/blog\/index.php?rest_route=\/wp\/v2\/posts\/3976\/revisions"}],"wp:attachment":[{"href":"https:\/\/umacieja.net\/blog\/index.php?rest_route=%2Fwp%2Fv2%2Fmedia&parent=3976"}],"wp:term":[{"taxonomy":"category","embeddable":true,"href":"https:\/\/umacieja.net\/blog\/index.php?rest_route=%2Fwp%2Fv2%2Fcategories&post=3976"},{"taxonomy":"post_tag","embeddable":true,"href":"https:\/\/umacieja.net\/blog\/index.php?rest_route=%2Fwp%2Fv2%2Ftags&post=3976"}],"curies":[{"name":"wp","href":"https:\/\/api.w.org\/{rel}","templated":true}]}}