{"id":3968,"date":"2017-09-06T21:22:05","date_gmt":"2017-09-06T19:22:05","guid":{"rendered":"http:\/\/umacieja.net\/blog\/?p=3968"},"modified":"2017-09-18T09:02:39","modified_gmt":"2017-09-18T07:02:39","slug":"piekniejszy-od-kobiety","status":"publish","type":"post","link":"https:\/\/umacieja.net\/blog\/?p=3968","title":{"rendered":"Pi\u0119kniejszy od kobiety!"},"content":{"rendered":"<p><a href=\"http:\/\/umacieja.net\/blog\/wp-content\/uploads\/2017\/09\/Dozynki_2017_fot_569.jpg\"><img decoding=\"async\" loading=\"lazy\" class=\"aligncenter wp-image-3969\" src=\"http:\/\/umacieja.net\/blog\/wp-content\/uploads\/2017\/09\/Dozynki_2017_fot_569.jpg\" alt=\"\" width=\"495\" height=\"330\" srcset=\"https:\/\/umacieja.net\/blog\/wp-content\/uploads\/2017\/09\/Dozynki_2017_fot_569.jpg 600w, https:\/\/umacieja.net\/blog\/wp-content\/uploads\/2017\/09\/Dozynki_2017_fot_569-300x200.jpg 300w\" sizes=\"(max-width: 495px) 100vw, 495px\" \/><\/a><br \/>\nDzisiaj na katechezie w klasie V podczas wzajemnego poznawania si\u0119 zada\u0142em dzieciom pytanie: &#8222;Z kim, lub z czym kojarzy Ci si\u0119 s\u0142owo B\u00f3g?&#8221;. Pad\u0142a odpowied\u017a z ust m\u0142odego m\u0119\u017cczyzny z kl. V: &#8222;B\u00f3g jest pi\u0119kniejszy od kobiety!&#8221;.<br \/>\nZatem zapraszam na adoracje w ciszy naszego Boga, kt\u00f3ry jest pi\u0119kniejszy od kobiety! Warto opala\u0107 si\u0119 w promieniach Jezusa w Naj\u015bwi\u0119tszym Sakramencie i znale\u017a\u0107 klucz do tabernakulum, kt\u00f3ry dzisiaj wielu zagubi\u0142o gdzie\u015b. Dobrze, \u017ce przybywa ko\u015bcio\u0142\u00f3w i kaplic w kt\u00f3rych jest adoracja. Gdy jestem w Toruniu, lubi\u0119 zajrze\u0107 do kaplicy wystawienia u Jezuit\u00f3w na Starym Mie\u015bcie. Zawsze tam kto\u015b jest z Jezusem! Zapraszam do mojej wsp\u00f3lnoty parafialnej na adoracje w ciszy &#8211; zazwyczaj w soboty od g. 17.00. Podobno przysz\u0142o\u015b\u0107 Ko\u015bcio\u0142a rozstrzygnie si\u0119 na adoracji. <a href=\"https:\/\/www.deon.pl\/religia\/duchowosc-i-wiara\/zycie-i-wiara\/art,4023,ulf-ekman-jego-obecnosc-wypelniala-caly-kosciol.html\">Wi\u0119cej tu.<\/a><\/p>\n","protected":false},"excerpt":{"rendered":"<p>Dzisiaj na katechezie w klasie V podczas wzajemnego poznawania si\u0119 zada\u0142em dzieciom pytanie: &#8222;Z kim, lub z czym kojarzy Ci si\u0119 s\u0142owo B\u00f3g?&#8221;. Pad\u0142a odpowied\u017a z ust m\u0142odego m\u0119\u017cczyzny z kl. V: &#8222;B\u00f3g jest pi\u0119kniejszy od kobiety!&#8221;. Zatem zapraszam na adoracje w ciszy naszego Boga, kt\u00f3ry jest pi\u0119kniejszy od kobiety! Warto opala\u0107 si\u0119 w promieniach [&hellip;]<\/p>\n","protected":false},"author":1,"featured_media":0,"comment_status":"open","ping_status":"closed","sticky":false,"template":"","format":"standard","meta":{"ngg_post_thumbnail":0},"categories":[1],"tags":[],"_links":{"self":[{"href":"https:\/\/umacieja.net\/blog\/index.php?rest_route=\/wp\/v2\/posts\/3968"}],"collection":[{"href":"https:\/\/umacieja.net\/blog\/index.php?rest_route=\/wp\/v2\/posts"}],"about":[{"href":"https:\/\/umacieja.net\/blog\/index.php?rest_route=\/wp\/v2\/types\/post"}],"author":[{"embeddable":true,"href":"https:\/\/umacieja.net\/blog\/index.php?rest_route=\/wp\/v2\/users\/1"}],"replies":[{"embeddable":true,"href":"https:\/\/umacieja.net\/blog\/index.php?rest_route=%2Fwp%2Fv2%2Fcomments&post=3968"}],"version-history":[{"count":0,"href":"https:\/\/umacieja.net\/blog\/index.php?rest_route=\/wp\/v2\/posts\/3968\/revisions"}],"wp:attachment":[{"href":"https:\/\/umacieja.net\/blog\/index.php?rest_route=%2Fwp%2Fv2%2Fmedia&parent=3968"}],"wp:term":[{"taxonomy":"category","embeddable":true,"href":"https:\/\/umacieja.net\/blog\/index.php?rest_route=%2Fwp%2Fv2%2Fcategories&post=3968"},{"taxonomy":"post_tag","embeddable":true,"href":"https:\/\/umacieja.net\/blog\/index.php?rest_route=%2Fwp%2Fv2%2Ftags&post=3968"}],"curies":[{"name":"wp","href":"https:\/\/api.w.org\/{rel}","templated":true}]}}