{"id":3935,"date":"2017-07-11T11:02:45","date_gmt":"2017-07-11T09:02:45","guid":{"rendered":"http:\/\/umacieja.net\/blog\/?p=3935"},"modified":"2017-07-13T10:41:47","modified_gmt":"2017-07-13T08:41:47","slug":"trzy-slowa","status":"publish","type":"post","link":"https:\/\/umacieja.net\/blog\/?p=3935","title":{"rendered":"Trzy s\u0142owa"},"content":{"rendered":"<p style=\"text-align: justify;\"><a href=\"http:\/\/umacieja.net\/blog\/wp-content\/uploads\/2017\/07\/13_11_16_095-1.jpg\"><img decoding=\"async\" loading=\"lazy\" class=\"wp-image-3938 aligncenter\" src=\"http:\/\/umacieja.net\/blog\/wp-content\/uploads\/2017\/07\/13_11_16_095-1.jpg\" alt=\"\" width=\"533\" height=\"353\" srcset=\"https:\/\/umacieja.net\/blog\/wp-content\/uploads\/2017\/07\/13_11_16_095-1.jpg 600w, https:\/\/umacieja.net\/blog\/wp-content\/uploads\/2017\/07\/13_11_16_095-1-300x199.jpg 300w\" sizes=\"(max-width: 533px) 100vw, 533px\" \/><\/a><br \/>\nBy\u0142em i jestem pod wra\u017ceniem niezwyk\u0142ego przem\u00f3wienia Prezydenta USA Donalda Trumpa, kt\u00f3re wyg\u0142osi\u0142 w Warszawie 6 lipca. Niekt\u00f3rzy nawet twierdz\u0105, \u017ce <a href=\"https:\/\/wpolityce.pl\/polityka\/348014-nasz-wywiad-ks-prof-kobylinski-przemowienie-trumpa-bylo-w-wielu-fragmentach-madrym-kazaniem-ktore-mozna-by-wyglosic-w-wielu-swiatyniach\">to by\u0142o m\u0105dre kazanie<\/a>. Zw\u0142aszcza moment, w kt\u00f3rym wspomnia\u0142 pierwsz\u0105 pielgrzymk\u0119 Jana Paw\u0142a II do Polski. Wtedy milion zebranych ludzi nie domaga\u0142 si\u0119 bogactwa, ani przywilej\u00f3w, ale powtarza\u0142 trzy s\u0142owa: &#8222;My chcemy Boga&#8221;. Ludzie wo\u0142ali o Boga. By\u0142 wtedy i jest nadal g\u0142\u00f3d Boga. Dzisiaj mo\u017ce troch\u0119 ukryty, wynikaj\u0105cy z przyspieszenia czas\u00f3w, w kt\u00f3rych \u017cyjemy.<br \/>\nEwangelia z ostatniej niedzieli (XIV zwyk\u0142ej) opowiada o tym g\u0142odzie Boga, kt\u00f3ry zaspokoi\u0107 mo\u017ce Jezus: &#8222;Przyjd\u017acie do Mnie wszyscy, kt\u00f3rzy utrudzeni i obci\u0105\u017ceniu jeste\u015bcie, a Ja was pokrzepi\u0119&#8221;(&#8230;) tylko u Jezusa znajdziemy ukojenie naszych dusz. (Mt 11,25\u201330). Okazuje si\u0119, \u017ce tylko B\u00f3g nasyca cz\u0142owieka.<br \/>\nI mia\u0142em takie do\u015bwiadczenie w ostatni\u0105 sobot\u0119. Od kilkudziesi\u0119ciu dni raz w tygodniu mamy adoracj\u0119 Jezusa w ciszy. Jest taka potrzeba. Na godzin\u0119 przed sobotni\u0105, wieczorn\u0105 Msz\u0105 \u015bw. najpierw przychodzi\u0142 jeden m\u0119\u017cczyzna i dwie kobiety. W wakacyjn\u0105 sobot\u0119 8 lipca ju\u017c by\u0142y pe\u0142ne \u0142awki. A ja spowiada\u0142em w konfesjonale 40 minut &#8211; tak, \u017ce Msza \u015bw. rozpocz\u0119\u0142a si\u0119 z dwudziestominutowym op\u00f3\u017anieniem. Adoracja, spowied\u017a, Msza \u015bwi\u0119ta i nabo\u017ce\u0144stwo do Matki Boskiej Nieustaj\u0105cej Pomocy m\u00f3wi\u0105 mi, \u017ce <a href=\"https:\/\/www.youtube.com\/watch?v=2TP3Lm87pvI\">nadal ludzie chc\u0105 Boga!<\/a><br \/>\n<a href=\"https:\/\/www.youtube.com\/watch?v=2TP3Lm87pvI\">https:\/\/www.youtube.com\/watch?v=2TP3Lm87pvI<\/a><\/p>\n","protected":false},"excerpt":{"rendered":"<p>By\u0142em i jestem pod wra\u017ceniem niezwyk\u0142ego przem\u00f3wienia Prezydenta USA Donalda Trumpa, kt\u00f3re wyg\u0142osi\u0142 w Warszawie 6 lipca. Niekt\u00f3rzy nawet twierdz\u0105, \u017ce to by\u0142o m\u0105dre kazanie. Zw\u0142aszcza moment, w kt\u00f3rym wspomnia\u0142 pierwsz\u0105 pielgrzymk\u0119 Jana Paw\u0142a II do Polski. Wtedy milion zebranych ludzi nie domaga\u0142 si\u0119 bogactwa, ani przywilej\u00f3w, ale powtarza\u0142 trzy s\u0142owa: &#8222;My chcemy Boga&#8221;. Ludzie [&hellip;]<\/p>\n","protected":false},"author":1,"featured_media":0,"comment_status":"open","ping_status":"closed","sticky":false,"template":"","format":"standard","meta":{"ngg_post_thumbnail":0},"categories":[1],"tags":[],"_links":{"self":[{"href":"https:\/\/umacieja.net\/blog\/index.php?rest_route=\/wp\/v2\/posts\/3935"}],"collection":[{"href":"https:\/\/umacieja.net\/blog\/index.php?rest_route=\/wp\/v2\/posts"}],"about":[{"href":"https:\/\/umacieja.net\/blog\/index.php?rest_route=\/wp\/v2\/types\/post"}],"author":[{"embeddable":true,"href":"https:\/\/umacieja.net\/blog\/index.php?rest_route=\/wp\/v2\/users\/1"}],"replies":[{"embeddable":true,"href":"https:\/\/umacieja.net\/blog\/index.php?rest_route=%2Fwp%2Fv2%2Fcomments&post=3935"}],"version-history":[{"count":0,"href":"https:\/\/umacieja.net\/blog\/index.php?rest_route=\/wp\/v2\/posts\/3935\/revisions"}],"wp:attachment":[{"href":"https:\/\/umacieja.net\/blog\/index.php?rest_route=%2Fwp%2Fv2%2Fmedia&parent=3935"}],"wp:term":[{"taxonomy":"category","embeddable":true,"href":"https:\/\/umacieja.net\/blog\/index.php?rest_route=%2Fwp%2Fv2%2Fcategories&post=3935"},{"taxonomy":"post_tag","embeddable":true,"href":"https:\/\/umacieja.net\/blog\/index.php?rest_route=%2Fwp%2Fv2%2Ftags&post=3935"}],"curies":[{"name":"wp","href":"https:\/\/api.w.org\/{rel}","templated":true}]}}