{"id":3920,"date":"2017-06-23T09:56:54","date_gmt":"2017-06-23T07:56:54","guid":{"rendered":"http:\/\/umacieja.net\/blog\/?p=3920"},"modified":"2017-06-24T09:54:57","modified_gmt":"2017-06-24T07:54:57","slug":"przyznac-sie","status":"publish","type":"post","link":"https:\/\/umacieja.net\/blog\/?p=3920","title":{"rendered":"Przyzna\u0107 si\u0119?"},"content":{"rendered":"<p><a href=\"http:\/\/umacieja.net\/blog\/wp-content\/uploads\/2017\/06\/DSC_2_28129.jpg\"><img decoding=\"async\" loading=\"lazy\" class=\"aligncenter wp-image-3921\" src=\"http:\/\/umacieja.net\/blog\/wp-content\/uploads\/2017\/06\/DSC_2_28129.jpg\" alt=\"\" width=\"558\" height=\"358\" srcset=\"https:\/\/umacieja.net\/blog\/wp-content\/uploads\/2017\/06\/DSC_2_28129.jpg 600w, https:\/\/umacieja.net\/blog\/wp-content\/uploads\/2017\/06\/DSC_2_28129-300x193.jpg 300w\" sizes=\"(max-width: 558px) 100vw, 558px\" \/><\/a><br \/>\n&nbsp; &nbsp; &nbsp; &nbsp; &nbsp; W pierwsz\u0105 niedziel\u0119 wakacji us\u0142yszymy znamienne s\u0142owa Jezusa, kt\u00f3re staj\u0105 si\u0119 przes\u0142aniem na czas odpoczynku wakacyjnego:&nbsp;&#8222;Do ka\u017cdego wi\u0119c, kt\u00f3ry si\u0119 przyzna do Mnie przed lud\u017ami, przyznam si\u0119 i Ja przed moim Ojcem, kt\u00f3ry jest w niebie. Lecz kto si\u0119 Mnie zaprze przed lud\u017ami, tego zapr\u0119 si\u0119 i Ja przed moim Ojcem, kt\u00f3ry jest w niebie\u201d.<br \/>\n&nbsp; &nbsp; &nbsp; &nbsp; W ostatnim tygodniu roku szkolnego z rodzicami i dzie\u0107mi sp\u0142ywali\u015bmy dwa razy <a href=\"http:\/\/parafiastrzygi.pl\/galeria\/thumbnails.php?album=45\">kajakami po pi\u0119knej rzece Drw\u0119cy<\/a>. Dzieci w nagrod\u0119 za gorliwo\u015b\u0107 w S\u0142u\u017cbie Bo\u017cej, rodzice za m\u0105dre i dobre wychowanie. W zdecydowanej wi\u0119kszo\u015bci uczestnicy p\u0142yn\u0119li pierwszy raz w \u017cyciu. Wida\u0107 by\u0142o w oczach kajakowicz\u00f3w lekkie przera\u017cenie. P\u0142yn\u0105\u0142 z nami ratownik. Przed wyp\u0142yni\u0119ciem m\u00f3wi\u0119 do niego, \u017ce grupa jest ubezpieczona od nieszcz\u0119\u015bliwych wypadk\u00f3w. A on si\u0119ga do kieszeni i wyjmuje r\u00f3\u017caniec. Pokazuje go i m\u00f3wi do mnie, \u017ce codziennie odmawia r\u00f3\u017caniec, ma go zawsze przy sobie i twierdzi, \u017ce r\u00f3\u017caniec jest najlepszym ubezpieczeniem. Pi\u0119kne \u015bwiadectwo wiary da\u0142 mi ten Ratownik i potwierdzi\u0142, \u017ce Ewangelia spe\u0142nia si\u0119 w \u017cyciu, i \u017ce r\u00f3\u017caniec jest najlepszym ko\u0142em ratunkowym.<br \/>\n&nbsp; &nbsp; &nbsp; &nbsp; Na zdj\u0119ciu widzimy m\u0142odzie\u017c, kt\u00f3ra w maju tego roku, przyjmuj\u0105c sakrament bierzmowania, przyzna\u0142a si\u0119 do Jezusa przed Biskupem, ksi\u0119\u017cmi, rodzicami, kole\u017cankami i kolegami. Pozostaje otwarte pytanie: czy to by\u0142o po raz ostatni w \u017cyciu? Zobaczymy!<\/p>\n<p>&nbsp; &nbsp; &nbsp; &nbsp;Takim przyznaniem si\u0119 do Jezusa jest tak\u017ce ch\u0119tna wsp\u00f3\u0142praca z parafi\u0105, budowanie wsp\u00f3lnoty, udzia\u0142 w procesji, podej\u015bcie do ambonki i przeczytanie S\u0142owa Bo\u017cego na przek\u00f3r tym &#8222;szemrz\u0105cym&#8221; o podlizywaniu si\u0119 proboszczowi, a kt\u00f3rzy palcem nie kiwn\u0105, aby cokolwiek pom\u00f3c.<br \/>\n&nbsp; &nbsp; &nbsp; &nbsp;Warto pos\u0142ucha\u0107 \u015bwiadectwa jednego z najbardziej znanych kucharzy, restaurator\u00f3w i krytyk\u00f3w kulinarnych w naszym kraju <a href=\"https:\/\/www.youtube.com\/watch?time_continue=2&amp;v=zVm4e5oYY2s\">Wojciecha Modesta Amaro<\/a>. <iframe width=\"500\" height=\"281\" src=\"https:\/\/www.youtube.com\/embed\/zVm4e5oYY2s?feature=oembed\" frameborder=\"0\" allow=\"autoplay; encrypted-media\" allowfullscreen><\/iframe><\/p>\n","protected":false},"excerpt":{"rendered":"<p>&nbsp; &nbsp; &nbsp; &nbsp; &nbsp; W pierwsz\u0105 niedziel\u0119 wakacji us\u0142yszymy znamienne s\u0142owa Jezusa, kt\u00f3re staj\u0105 si\u0119 przes\u0142aniem na czas odpoczynku wakacyjnego:&nbsp;&#8222;Do ka\u017cdego wi\u0119c, kt\u00f3ry si\u0119 przyzna do Mnie przed lud\u017ami, przyznam si\u0119 i Ja przed moim Ojcem, kt\u00f3ry jest w niebie. Lecz kto si\u0119 Mnie zaprze przed lud\u017ami, tego zapr\u0119 si\u0119 i Ja przed moim [&hellip;]<\/p>\n","protected":false},"author":1,"featured_media":0,"comment_status":"open","ping_status":"closed","sticky":false,"template":"","format":"standard","meta":{"ngg_post_thumbnail":0},"categories":[1],"tags":[],"_links":{"self":[{"href":"https:\/\/umacieja.net\/blog\/index.php?rest_route=\/wp\/v2\/posts\/3920"}],"collection":[{"href":"https:\/\/umacieja.net\/blog\/index.php?rest_route=\/wp\/v2\/posts"}],"about":[{"href":"https:\/\/umacieja.net\/blog\/index.php?rest_route=\/wp\/v2\/types\/post"}],"author":[{"embeddable":true,"href":"https:\/\/umacieja.net\/blog\/index.php?rest_route=\/wp\/v2\/users\/1"}],"replies":[{"embeddable":true,"href":"https:\/\/umacieja.net\/blog\/index.php?rest_route=%2Fwp%2Fv2%2Fcomments&post=3920"}],"version-history":[{"count":0,"href":"https:\/\/umacieja.net\/blog\/index.php?rest_route=\/wp\/v2\/posts\/3920\/revisions"}],"wp:attachment":[{"href":"https:\/\/umacieja.net\/blog\/index.php?rest_route=%2Fwp%2Fv2%2Fmedia&parent=3920"}],"wp:term":[{"taxonomy":"category","embeddable":true,"href":"https:\/\/umacieja.net\/blog\/index.php?rest_route=%2Fwp%2Fv2%2Fcategories&post=3920"},{"taxonomy":"post_tag","embeddable":true,"href":"https:\/\/umacieja.net\/blog\/index.php?rest_route=%2Fwp%2Fv2%2Ftags&post=3920"}],"curies":[{"name":"wp","href":"https:\/\/api.w.org\/{rel}","templated":true}]}}