{"id":3912,"date":"2017-06-17T11:05:09","date_gmt":"2017-06-17T09:05:09","guid":{"rendered":"http:\/\/umacieja.net\/blog\/?p=3912"},"modified":"2017-06-17T14:49:52","modified_gmt":"2017-06-17T12:49:52","slug":"dwa-swiaty","status":"publish","type":"post","link":"https:\/\/umacieja.net\/blog\/?p=3912","title":{"rendered":"Dwa \u015bwiaty"},"content":{"rendered":"<p><a href=\"http:\/\/umacieja.net\/blog\/wp-content\/uploads\/2017\/06\/BC_3_139.jpg\"><img decoding=\"async\" loading=\"lazy\" class=\"aligncenter wp-image-3913\" src=\"http:\/\/umacieja.net\/blog\/wp-content\/uploads\/2017\/06\/BC_3_139.jpg\" alt=\"\" width=\"536\" height=\"402\" srcset=\"https:\/\/umacieja.net\/blog\/wp-content\/uploads\/2017\/06\/BC_3_139.jpg 600w, https:\/\/umacieja.net\/blog\/wp-content\/uploads\/2017\/06\/BC_3_139-300x225.jpg 300w\" sizes=\"(max-width: 536px) 100vw, 536px\" \/><\/a><br \/>\nCiesz\u0119 si\u0119, \u017ce mieszkam w Polsce. Z medi\u00f3w docieraj\u0105 do nas obrazy dw\u00f3ch \u015bwiat\u00f3w. Po Bo\u017cym Ciele mo\u017cna by\u0142o zobaczy\u0107 ten nasz &nbsp;polski &#8222;ciemnogr\u00f3d&#8221; &#8211; jak w\u0119druje ulicami w ka\u017cdej parafii za Jezusem Eucharystycznym. Nie za idolami, gwiazdami, politykami, ale za naszym Panem. Pi\u0119knie ubrani, zadumani, ze \u015bpiewem na ustach w\u0119druj\u0105cy g\u0142owa przy g\u0142owie, serce przy sercu, rami\u0119 przy ramieniu. W oddali s\u0142ycha\u0107 bicie dzwon\u00f3w.&nbsp;<br \/>\nW ewangelii z XI Niedzieli zwyk\u0142ej przeczytamy, \u017ce Jezus widz\u0105c t\u0142umy ludzi, litowa\u0142 si\u0119 nad nimi, bo byli zn\u0119kani i porzuceni, jak owce niemaj\u0105ce pasterza. To te s\u0142owa z Ewangelii staj\u0105 si\u0119 dla nas \u015bwiat\u0142em. Nie da si\u0119 \u017cy\u0107 bez dobrego Pasterza, bez Boga. I my poszli\u015bmy za Nim, bo On jest nasz\u0105 drog\u0105.<\/p>\n<p>I drugi pora\u017caj\u0105cy obrazek z miast zachodniej i &#8222;post\u0119powej&#8221;Europy, w kt\u00f3rych ju\u017c nie ma miejsca na Bo\u017ce Cia\u0142o: <a href=\"http:\/\/wiadomosci.gazeta.pl\/wiadomosci\/1,114871,18731717,dlaczego-uchodzcy-nie-jada-do-krajow-islamskich-religioznawca.html\">t\u0142umy obcokrajowc\u00f3w<\/a>, <a href=\"http:\/\/fakty.interia.pl\/galerie\/swiat\/wojsko-na-ulicach-paryza-zdjecie,iId,1964401,iAId,180078\">wojsko i policja uzbrojeni po z\u0119by<\/a>.&nbsp;<\/p>\n<p>Jest inny \u015bwiat. Zadatkiem tego innego, jest Bo\u017ce Cia\u0142o, kt\u00f3re uwielbiam!&nbsp;<\/p>\n<p>&nbsp;<br \/>\n<iframe width=\"500\" height=\"281\" src=\"https:\/\/www.youtube.com\/embed\/4-htBDTdWic?feature=oembed\" frameborder=\"0\" allow=\"autoplay; encrypted-media\" allowfullscreen><\/iframe><\/p>\n","protected":false},"excerpt":{"rendered":"<p>Ciesz\u0119 si\u0119, \u017ce mieszkam w Polsce. Z medi\u00f3w docieraj\u0105 do nas obrazy dw\u00f3ch \u015bwiat\u00f3w. Po Bo\u017cym Ciele mo\u017cna by\u0142o zobaczy\u0107 ten nasz &nbsp;polski &#8222;ciemnogr\u00f3d&#8221; &#8211; jak w\u0119druje ulicami w ka\u017cdej parafii za Jezusem Eucharystycznym. Nie za idolami, gwiazdami, politykami, ale za naszym Panem. Pi\u0119knie ubrani, zadumani, ze \u015bpiewem na ustach w\u0119druj\u0105cy g\u0142owa przy g\u0142owie, serce [&hellip;]<\/p>\n","protected":false},"author":1,"featured_media":0,"comment_status":"open","ping_status":"closed","sticky":false,"template":"","format":"standard","meta":{"ngg_post_thumbnail":0},"categories":[1],"tags":[],"_links":{"self":[{"href":"https:\/\/umacieja.net\/blog\/index.php?rest_route=\/wp\/v2\/posts\/3912"}],"collection":[{"href":"https:\/\/umacieja.net\/blog\/index.php?rest_route=\/wp\/v2\/posts"}],"about":[{"href":"https:\/\/umacieja.net\/blog\/index.php?rest_route=\/wp\/v2\/types\/post"}],"author":[{"embeddable":true,"href":"https:\/\/umacieja.net\/blog\/index.php?rest_route=\/wp\/v2\/users\/1"}],"replies":[{"embeddable":true,"href":"https:\/\/umacieja.net\/blog\/index.php?rest_route=%2Fwp%2Fv2%2Fcomments&post=3912"}],"version-history":[{"count":0,"href":"https:\/\/umacieja.net\/blog\/index.php?rest_route=\/wp\/v2\/posts\/3912\/revisions"}],"wp:attachment":[{"href":"https:\/\/umacieja.net\/blog\/index.php?rest_route=%2Fwp%2Fv2%2Fmedia&parent=3912"}],"wp:term":[{"taxonomy":"category","embeddable":true,"href":"https:\/\/umacieja.net\/blog\/index.php?rest_route=%2Fwp%2Fv2%2Fcategories&post=3912"},{"taxonomy":"post_tag","embeddable":true,"href":"https:\/\/umacieja.net\/blog\/index.php?rest_route=%2Fwp%2Fv2%2Ftags&post=3912"}],"curies":[{"name":"wp","href":"https:\/\/api.w.org\/{rel}","templated":true}]}}