{"id":3899,"date":"2017-06-06T10:34:50","date_gmt":"2017-06-06T08:34:50","guid":{"rendered":"http:\/\/umacieja.net\/blog\/?p=3899"},"modified":"2017-06-14T15:39:52","modified_gmt":"2017-06-14T13:39:52","slug":"jubileusze-do-ktorych-nie-dorastamy","status":"publish","type":"post","link":"https:\/\/umacieja.net\/blog\/?p=3899","title":{"rendered":"Jubileusze, do kt\u00f3rych nie dorastamy"},"content":{"rendered":"<p><a href=\"http:\/\/umacieja.net\/blog\/wp-content\/uploads\/2017\/06\/027.jpg\"><img decoding=\"async\" loading=\"lazy\" class=\"wp-image-3900 aligncenter\" src=\"http:\/\/umacieja.net\/blog\/wp-content\/uploads\/2017\/06\/027.jpg\" alt=\"\" width=\"512\" height=\"339\" srcset=\"https:\/\/umacieja.net\/blog\/wp-content\/uploads\/2017\/06\/027.jpg 600w, https:\/\/umacieja.net\/blog\/wp-content\/uploads\/2017\/06\/027-300x199.jpg 300w\" sizes=\"(max-width: 512px) 100vw, 512px\" \/><\/a><br \/>\nW tym majowo &#8211; czerwcowym czasie, gdy ko\u0144czy si\u0119 okres Wielkanocny i przypominamy sobie najwa\u017cniejsze tajemnice naszej wiary: Wniebowst\u0105pienie, Zes\u0142anie Ducha \u015awi\u0119tego, Tr\u00f3jc\u0119 Przenaj\u015bwi\u0119tsz\u0105, Bo\u017ce Cia\u0142o, to wtedy wielu ksi\u0119\u017cy wspomina jubileusze \u015bwi\u0119ce\u0144 kap\u0142a\u0144skich. W tym roku nadszed\u0142 czas na 25-lecie moich \u015bwi\u0119ce\u0144 kap\u0142a\u0144skich. S\u0142owa \u015bw. Jana Paw\u0142a II z ksi\u0105\u017cki&nbsp;Dar i Tajemnica powinny sta\u0107 si\u0119 dobrym komentarzem do ka\u017cdego jubileuszu kap\u0142a\u0144skiego. Dzi\u0119kuj\u0105c Bogu za ten niezwyk\u0142y i niezas\u0142u\u017cony dar kap\u0142a\u0144stwa, pragn\u0119 uczyni\u0107 je swoimi:&nbsp;<em>\u201eKa\u017cde powo\u0142anie kap\u0142a\u0144skie w swojej najg\u0142\u0119bszej warstwie jest wielk\u0105 tajemnic\u0105, jest darem, kt\u00f3ry niesko\u0144czenie przerasta cz\u0142owieka. Ka\u017cdy z nas kap\u0142an\u00f3w do\u015bwiadcza tego bardzo wyra\u017anie w ca\u0142ym swoim \u017cyciu. Wobec wielko\u015bci tego daru czujemy, jak bardzo do niego nie dorastamy\u201d.<\/em><\/p>\n<p>Dlatego potrzebne jest wsparcie naszych ludzkich i kap\u0142a\u0144skich r\u0105k, bo cz\u0119sto w r\u00f3\u017cnych sytuacjach zwyczajnie <a href=\"http:\/\/umacieja.net\/blog\/?p=3757\">opadaj\u0105 nam r\u0119ce&#8230; <\/a>I tu potrzebne jest podtrzymanie ich &#8211; jak u Moj\u017cesza &nbsp;podczas bitwy pod Refidim. Gdy r\u0119ce by\u0142y w g\u00f3rze, Izrael zwyci\u0119\u017ca\u0142. Kiedy dostojny Kaznodzieja podczas Mszy jubileuszowej wylicza\u0142 parafie, w kt\u00f3rych pracowa\u0142em przez te 25 lat, pomy\u015bla\u0142em, \u017ce patronowie tych parafii podtrzymywali moje opadaj\u0105ce r\u0119ce. <a href=\"http:\/\/umacieja.net\/blog\/?p=1379\">Byli to r\u00f3\u017cni \u015bwi\u0119ci &#8211; nie\u015bwi\u0119ci.<\/a> Zwyczajni ludzie, kt\u00f3rzy mo\u017ce mieli karko\u0142omne i garbate \u017cyciorysy, ale zostali \u015bwi\u0119tymi. Dzi\u0119kuj\u0119 za tych \u015bwi\u0119tych patron\u00f3w i tych parafian, kt\u00f3rzy podtrzymywali i podtrzymuj\u0105 moje r\u0119ce. A s\u0105 to:<\/p>\n<p>\u015aw. Jan Chrzciciel z Sochocina, \u015bw. Zygmunt z p\u0142ockiej Katedry, \u015bw. Mateusz z pu\u0142tuskiej Bazyliki, \u015bw. Micha\u0142 Archanio\u0142 z P\u0142o\u0144ska, \u015bw. Bart\u0142omiej z p\u0142ockiej Fary, \u015bw. Piotr z Ciechanowa, NMP Wniebowzi\u0119ta z Dulska (15 sierpnia to rocznica mojego chrztu) i obecnie \u015bw. Stanis\u0142aw BM. Dzi\u0119kuj\u0119 za spotkanych proboszcz\u00f3w i wikariuszy w tych parafiach. Za ksi\u0119\u017cy pracuj\u0105cych w mojej rodzinnej parafii w Zielonej M\u0142awskiej. To m.in. &nbsp;dzi\u0119ki ich gorliwej pos\u0142udze zrodzi\u0142 si\u0119 dar mojego powo\u0142ania. &nbsp;<\/p>\n<p>S\u0105dz\u0119, \u017ce wiele mo\u017cna si\u0119 nauczy\u0107 od tych naszych \u015bwi\u0119tych patron\u00f3w i zwyk\u0142ych ludzi, kt\u00f3rzy staj\u0105 na drodze naszego \u017cycia i dzi\u0119ki nim dorasta\u0107 do <a href=\"https:\/\/www.youtube.com\/watch?v=QoRn21GsKzY\">wielko\u015bci daru, kt\u00f3ry otrzymujemy<\/a>.<\/p>\n<p>&nbsp;<\/p>\n","protected":false},"excerpt":{"rendered":"<p>W tym majowo &#8211; czerwcowym czasie, gdy ko\u0144czy si\u0119 okres Wielkanocny i przypominamy sobie najwa\u017cniejsze tajemnice naszej wiary: Wniebowst\u0105pienie, Zes\u0142anie Ducha \u015awi\u0119tego, Tr\u00f3jc\u0119 Przenaj\u015bwi\u0119tsz\u0105, Bo\u017ce Cia\u0142o, to wtedy wielu ksi\u0119\u017cy wspomina jubileusze \u015bwi\u0119ce\u0144 kap\u0142a\u0144skich. W tym roku nadszed\u0142 czas na 25-lecie moich \u015bwi\u0119ce\u0144 kap\u0142a\u0144skich. S\u0142owa \u015bw. Jana Paw\u0142a II z ksi\u0105\u017cki&nbsp;Dar i Tajemnica powinny sta\u0107 [&hellip;]<\/p>\n","protected":false},"author":1,"featured_media":0,"comment_status":"open","ping_status":"closed","sticky":false,"template":"","format":"standard","meta":{"ngg_post_thumbnail":0},"categories":[1],"tags":[],"_links":{"self":[{"href":"https:\/\/umacieja.net\/blog\/index.php?rest_route=\/wp\/v2\/posts\/3899"}],"collection":[{"href":"https:\/\/umacieja.net\/blog\/index.php?rest_route=\/wp\/v2\/posts"}],"about":[{"href":"https:\/\/umacieja.net\/blog\/index.php?rest_route=\/wp\/v2\/types\/post"}],"author":[{"embeddable":true,"href":"https:\/\/umacieja.net\/blog\/index.php?rest_route=\/wp\/v2\/users\/1"}],"replies":[{"embeddable":true,"href":"https:\/\/umacieja.net\/blog\/index.php?rest_route=%2Fwp%2Fv2%2Fcomments&post=3899"}],"version-history":[{"count":0,"href":"https:\/\/umacieja.net\/blog\/index.php?rest_route=\/wp\/v2\/posts\/3899\/revisions"}],"wp:attachment":[{"href":"https:\/\/umacieja.net\/blog\/index.php?rest_route=%2Fwp%2Fv2%2Fmedia&parent=3899"}],"wp:term":[{"taxonomy":"category","embeddable":true,"href":"https:\/\/umacieja.net\/blog\/index.php?rest_route=%2Fwp%2Fv2%2Fcategories&post=3899"},{"taxonomy":"post_tag","embeddable":true,"href":"https:\/\/umacieja.net\/blog\/index.php?rest_route=%2Fwp%2Fv2%2Ftags&post=3899"}],"curies":[{"name":"wp","href":"https:\/\/api.w.org\/{rel}","templated":true}]}}