{"id":3890,"date":"2017-05-25T09:22:05","date_gmt":"2017-05-25T07:22:05","guid":{"rendered":"http:\/\/umacieja.net\/blog\/?p=3890"},"modified":"2017-05-31T21:19:00","modified_gmt":"2017-05-31T19:19:00","slug":"jest-matka","status":"publish","type":"post","link":"https:\/\/umacieja.net\/blog\/?p=3890","title":{"rendered":"Jest Matka"},"content":{"rendered":"<p><center><a href=\"http:\/\/umacieja.net\/blog\/wp-content\/uploads\/2017\/05\/Tadajewo_2017_012.jpg\"><img decoding=\"async\" loading=\"lazy\" class=\"wp-image-3891 aligncenter\" src=\"http:\/\/umacieja.net\/blog\/wp-content\/uploads\/2017\/05\/Tadajewo_2017_012.jpg\" alt=\"\" height=\"334\" width=\"504\" srcset=\"https:\/\/umacieja.net\/blog\/wp-content\/uploads\/2017\/05\/Tadajewo_2017_012.jpg 600w, https:\/\/umacieja.net\/blog\/wp-content\/uploads\/2017\/05\/Tadajewo_2017_012-300x199.jpg 300w\" sizes=\"(max-width: 504px) 100vw, 504px\" \/><\/a><\/center><br \/>\nW niedziel\u0119 s\u0142yszeli\u015bmy s\u0142owa Jezusa z Ewangelii \u015bw. Jana: <em>&#8222;Nie zostawi\u0119 was sierotami<\/em>&#8222;(J 14. 15-21). Rzeczywi\u015bcie nie jeste\u015bmy samotni. Mamy Matk\u0119. Rok temu prze\u017cywali\u015bmy Jej wizyt\u0119 w Jasnog\u00f3rskiej Ikonie. W tym roku dzi\u0119kujemy za Jej objawienia sprzed 100 lat &#8211; wci\u0105\u017c aktualne. Bo czy wojna terroryst\u00f3w z naszym \u015bwiatem nie jest kolejnym wezwaniem do nawr\u00f3cenia i powrotu do chrze\u015bcija\u0144skich korzeni Europy? Nie chcemy s\u0142ysze\u0107 Jej s\u0142\u00f3w z 1917 roku wypowiedzianych w <a href=\"http:\/\/diecezjaplocka.pl\/dla-wiernych\/aktualnosci\/052017\/diecezjalne-uroczystosci-100-rocznicy-objawien-fatimskich-w-ciechanowie\">Fatimie do dzieci?<\/a><br \/>\nW parafiach trwaj\u0105 Nabo\u017ce\u0144stwa Majowe. W mojej parafii zaprosi\u0142em do udzia\u0142u w Majowym Rowerowym:chc\u0119 z ch\u0119tnymi odwiedzi\u0107 na rowerach wszystkie miejscowo\u015bci na terenie parafii i za\u015bpiewa\u0107 litani\u0119 do Matki Boskiej przy kapliczkach i krzy\u017cach przydro\u017cnych. Mam nadziej\u0119, \u017ce o\u017cywi si\u0119 stary zwyczaj &#8222;chwalenia \u0142\u0105k umajonych&#8221; dla Maryi. Licz\u0119 tak\u017ce na wi\u0119ksz\u0105 integracj\u0119 mi\u0119dzy parafianami.<br \/>\nW tym Jubileuszowym Roku 100 &#8211; lecia objawie\u0144 Matki Bo\u017cej Fatimskiej w rodzinach w\u0119druje Figura Fatimska.Jad\u0105c na <a href=\"https:\/\/www.youtube.com\/channel\/UCqmqvh6LFlYp3xEoAFPAnyw\/videos\">Majowe Rowerowe<\/a> w Tadajewie niespodziewanie spotkali\u015bmy w\u0119druj\u0105cy w\u0142a\u015bnie od domu do domu wizerunek Matki z Fatimy. To wielki dar i \u0142aska spotka\u0107 Matk\u0119 w\u015br\u00f3d naszych p\u00f3\u0142 i \u0142\u0105k umajonych. <a href=\"https:\/\/www.youtube.com\/watch?v=Hryzi53U2SI\">Chwalcie z nami Pani\u0105 \u015bwiata!<\/a><\/p>\n","protected":false},"excerpt":{"rendered":"<p>W niedziel\u0119 s\u0142yszeli\u015bmy s\u0142owa Jezusa z Ewangelii \u015bw. Jana: &#8222;Nie zostawi\u0119 was sierotami&#8222;(J 14. 15-21). Rzeczywi\u015bcie nie jeste\u015bmy samotni. Mamy Matk\u0119. Rok temu prze\u017cywali\u015bmy Jej wizyt\u0119 w Jasnog\u00f3rskiej Ikonie. W tym roku dzi\u0119kujemy za Jej objawienia sprzed 100 lat &#8211; wci\u0105\u017c aktualne. Bo czy wojna terroryst\u00f3w z naszym \u015bwiatem nie jest kolejnym wezwaniem do nawr\u00f3cenia [&hellip;]<\/p>\n","protected":false},"author":1,"featured_media":0,"comment_status":"open","ping_status":"closed","sticky":false,"template":"","format":"standard","meta":{"ngg_post_thumbnail":0},"categories":[1],"tags":[],"_links":{"self":[{"href":"https:\/\/umacieja.net\/blog\/index.php?rest_route=\/wp\/v2\/posts\/3890"}],"collection":[{"href":"https:\/\/umacieja.net\/blog\/index.php?rest_route=\/wp\/v2\/posts"}],"about":[{"href":"https:\/\/umacieja.net\/blog\/index.php?rest_route=\/wp\/v2\/types\/post"}],"author":[{"embeddable":true,"href":"https:\/\/umacieja.net\/blog\/index.php?rest_route=\/wp\/v2\/users\/1"}],"replies":[{"embeddable":true,"href":"https:\/\/umacieja.net\/blog\/index.php?rest_route=%2Fwp%2Fv2%2Fcomments&post=3890"}],"version-history":[{"count":0,"href":"https:\/\/umacieja.net\/blog\/index.php?rest_route=\/wp\/v2\/posts\/3890\/revisions"}],"wp:attachment":[{"href":"https:\/\/umacieja.net\/blog\/index.php?rest_route=%2Fwp%2Fv2%2Fmedia&parent=3890"}],"wp:term":[{"taxonomy":"category","embeddable":true,"href":"https:\/\/umacieja.net\/blog\/index.php?rest_route=%2Fwp%2Fv2%2Fcategories&post=3890"},{"taxonomy":"post_tag","embeddable":true,"href":"https:\/\/umacieja.net\/blog\/index.php?rest_route=%2Fwp%2Fv2%2Ftags&post=3890"}],"curies":[{"name":"wp","href":"https:\/\/api.w.org\/{rel}","templated":true}]}}