{"id":3850,"date":"2017-04-06T19:15:02","date_gmt":"2017-04-06T17:15:02","guid":{"rendered":"http:\/\/umacieja.net\/blog\/?p=3850"},"modified":"2017-04-07T08:56:55","modified_gmt":"2017-04-07T06:56:55","slug":"bufet-obficie-zaopatrzony","status":"publish","type":"post","link":"https:\/\/umacieja.net\/blog\/?p=3850","title":{"rendered":"Bufet obficie zaopatrzony"},"content":{"rendered":"<p><center><a href=\"http:\/\/umacieja.net\/blog\/wp-content\/uploads\/2017\/04\/Wrzesien_18_012.jpg\"><img decoding=\"async\" loading=\"lazy\" class=\"wp-image-3853 alignleft\" src=\"http:\/\/umacieja.net\/blog\/wp-content\/uploads\/2017\/04\/Wrzesien_18_012.jpg\" alt=\"\" width=\"495\" height=\"328\" srcset=\"https:\/\/umacieja.net\/blog\/wp-content\/uploads\/2017\/04\/Wrzesien_18_012.jpg 600w, https:\/\/umacieja.net\/blog\/wp-content\/uploads\/2017\/04\/Wrzesien_18_012-300x199.jpg 300w\" sizes=\"(max-width: 495px) 100vw, 495px\" \/><\/a><\/center>Pojawi\u0142o si\u0119 na portalu spo\u0142eczno\u015bciowym zaproszenie na zabaw\u0119: <em>&#8222;OCHOTNICZA STRA\u017b PO\u017bARNA w K. serdecznie zaprasza wszystkich mi\u0142o\u015bnik\u00f3w ta\u0144ca na zabaw\u0119 taneczn\u0105 kt\u00f3ra odb\u0119dzie si\u0119 16.04.2017 r. w remizie stra\u017cackiej OSP K. Rozpocz\u0119cie zabawy o godzinie 20:00. Zabaw\u0119 poprowadzi zesp\u00f3\u0142 z Nowego Miasta Lubawskiego. Bufet obficie zaopatrzony&#8221;.<\/em><\/p>\n<p>To bardzo dobrze, \u017ce ludzie chc\u0105 si\u0119 dzisiaj bawi\u0107, integrowa\u0107, cieszy\u0107 \u017cyciem. To wida\u0107, \u017ce gdzie si\u0119 ludzie potrafi\u0105 dobrze zabawi\u0107 i sp\u0119dzi\u0107 czas ze sob\u0105 w realu, to tam rodzi si\u0119 wi\u0119cej dzieci. W tym roku by\u0142o do tej pory 5 chrzt\u00f3w w parafii, a w tym a\u017c 3 z jednej z mniejszych miejscowo\u015bci w parafii &#8211; w\u0142a\u015bnie z tej, w kt\u00f3rej ma odby\u0107 si\u0119 zabawa.<\/p>\n<p>Odpisa\u0142em na to zaproszenie tak: A ja ze swej strony w imieniu naszej Rodziny parafialnej serdecznie zapraszam wszystkich mi\u0142o\u015bnik\u00f3w JEZUSA Z NAZARETU na obchody Wielkiego Tygodnia, kt\u00f3ry uroczy\u015bcie rozpoczniemy w Niedziel\u0119 Palmow\u0105 09.04. 2017 r. o g. 8.00, 9.30, 11.00 w naszym parafialnym ko\u015bciele. Nast\u0119pnie zapraszam na Triduum Paschalne: Wielki Czwartek, Wielki Pi\u0105tek, Wielka Sobota o g. 18.00 (13 &#8211; 16 kwietnia). Oj, b\u0119dzie si\u0119 dzia\u0142o! Us\u0142yszymy S\u0142owo Bo\u017ce, b\u0119dziemy mogli adorowa\u0107 Pana Jezusa i przyj\u0105\u0107 Go w Komunii \u015bwi\u0119tej, zabiegani i op\u00f3\u017anieni mog\u0105 wyspowiada\u0107 si\u0119 i pomodli\u0107, a Druhny i Druhowie Stra\u017cacy &nbsp;&#8211; &nbsp;Rycerze \u015bw. Floriana podejm\u0105 nocne czuwanie przy Grobie Pa\u0144skim. Po\u015bwi\u0119c\u0119 pokarmy na sto\u0142y wielkanocne. Bohaterem tych wydarze\u0144 b\u0119dzie sam Jezus z Nazaretu. Bufet S\u0142owa Bo\u017cego i Mi\u0142osierdzia b\u0119dzie obficie zaopatrzony w te dni.<\/p>\n<p>To wszystko, jak mawiali nasi przodkowie: aby by\u0107 &#8222;do ta\u0144ca i do r\u00f3\u017ca\u0144ca&#8230;!&#8221;, a nie jak bywa cz\u0119sto dzisiaj: tylko do ta\u0144ca&#8230;<\/p>\n<p><a href=\"http:\/\/umacieja.net\/blog\/wp-content\/uploads\/2017\/04\/Wrzesien_18_014.jpg\"><img decoding=\"async\" loading=\"lazy\" class=\"wp-image-3852 alignleft\" src=\"http:\/\/umacieja.net\/blog\/wp-content\/uploads\/2017\/04\/Wrzesien_18_014.jpg\" alt=\"\" width=\"295\" height=\"445\" srcset=\"https:\/\/umacieja.net\/blog\/wp-content\/uploads\/2017\/04\/Wrzesien_18_014.jpg 398w, https:\/\/umacieja.net\/blog\/wp-content\/uploads\/2017\/04\/Wrzesien_18_014-199x300.jpg 199w\" sizes=\"(max-width: 295px) 100vw, 295px\" \/><\/a><a href=\"http:\/\/umacieja.net\/blog\/wp-content\/uploads\/2017\/04\/Wrzesien_18_013.jpg\"><img decoding=\"async\" loading=\"lazy\" class=\"wp-image-3851 alignright\" src=\"http:\/\/umacieja.net\/blog\/wp-content\/uploads\/2017\/04\/Wrzesien_18_013.jpg\" alt=\"\" width=\"295\" height=\"445\" srcset=\"https:\/\/umacieja.net\/blog\/wp-content\/uploads\/2017\/04\/Wrzesien_18_013.jpg 398w, https:\/\/umacieja.net\/blog\/wp-content\/uploads\/2017\/04\/Wrzesien_18_013-199x300.jpg 199w\" sizes=\"(max-width: 295px) 100vw, 295px\" \/><\/a><\/p>\n","protected":false},"excerpt":{"rendered":"<p>Pojawi\u0142o si\u0119 na portalu spo\u0142eczno\u015bciowym zaproszenie na zabaw\u0119: &#8222;OCHOTNICZA STRA\u017b PO\u017bARNA w K. serdecznie zaprasza wszystkich mi\u0142o\u015bnik\u00f3w ta\u0144ca na zabaw\u0119 taneczn\u0105 kt\u00f3ra odb\u0119dzie si\u0119 16.04.2017 r. w remizie stra\u017cackiej OSP K. Rozpocz\u0119cie zabawy o godzinie 20:00. Zabaw\u0119 poprowadzi zesp\u00f3\u0142 z Nowego Miasta Lubawskiego. Bufet obficie zaopatrzony&#8221;. To bardzo dobrze, \u017ce ludzie chc\u0105 si\u0119 dzisiaj bawi\u0107, [&hellip;]<\/p>\n","protected":false},"author":1,"featured_media":0,"comment_status":"open","ping_status":"closed","sticky":false,"template":"","format":"standard","meta":{"ngg_post_thumbnail":0},"categories":[1],"tags":[],"_links":{"self":[{"href":"https:\/\/umacieja.net\/blog\/index.php?rest_route=\/wp\/v2\/posts\/3850"}],"collection":[{"href":"https:\/\/umacieja.net\/blog\/index.php?rest_route=\/wp\/v2\/posts"}],"about":[{"href":"https:\/\/umacieja.net\/blog\/index.php?rest_route=\/wp\/v2\/types\/post"}],"author":[{"embeddable":true,"href":"https:\/\/umacieja.net\/blog\/index.php?rest_route=\/wp\/v2\/users\/1"}],"replies":[{"embeddable":true,"href":"https:\/\/umacieja.net\/blog\/index.php?rest_route=%2Fwp%2Fv2%2Fcomments&post=3850"}],"version-history":[{"count":0,"href":"https:\/\/umacieja.net\/blog\/index.php?rest_route=\/wp\/v2\/posts\/3850\/revisions"}],"wp:attachment":[{"href":"https:\/\/umacieja.net\/blog\/index.php?rest_route=%2Fwp%2Fv2%2Fmedia&parent=3850"}],"wp:term":[{"taxonomy":"category","embeddable":true,"href":"https:\/\/umacieja.net\/blog\/index.php?rest_route=%2Fwp%2Fv2%2Fcategories&post=3850"},{"taxonomy":"post_tag","embeddable":true,"href":"https:\/\/umacieja.net\/blog\/index.php?rest_route=%2Fwp%2Fv2%2Ftags&post=3850"}],"curies":[{"name":"wp","href":"https:\/\/api.w.org\/{rel}","templated":true}]}}