{"id":3845,"date":"2017-03-21T14:53:04","date_gmt":"2017-03-21T12:53:04","guid":{"rendered":"http:\/\/umacieja.net\/blog\/?p=3845"},"modified":"2017-03-21T14:53:04","modified_gmt":"2017-03-21T12:53:04","slug":"ziemia-przekleta","status":"publish","type":"post","link":"https:\/\/umacieja.net\/blog\/?p=3845","title":{"rendered":"Ziemia przekl\u0119ta?"},"content":{"rendered":"<p><a href=\"http:\/\/umacieja.net\/blog\/wp-content\/uploads\/2017\/03\/WP_2017_014.jpg\"><img decoding=\"async\" loading=\"lazy\" class=\"wp-image-3846 aligncenter\" src=\"http:\/\/umacieja.net\/blog\/wp-content\/uploads\/2017\/03\/WP_2017_014.jpg\" alt=\"\" width=\"492\" height=\"327\" srcset=\"https:\/\/umacieja.net\/blog\/wp-content\/uploads\/2017\/03\/WP_2017_014.jpg 600w, https:\/\/umacieja.net\/blog\/wp-content\/uploads\/2017\/03\/WP_2017_014-300x199.jpg 300w\" sizes=\"(max-width: 492px) 100vw, 492px\" \/><\/a><\/p>\n<p>Na pocz\u0105tku marca prowadzi\u0142em rekolekcje w s\u0105siedniej parafii. Proboszcz tej\u017ce parafii wyda\u0142 w 2011 r. ksi\u0105\u017ck\u0119 &#8211; album o intryguj\u0105cym tytule: &#8222;Radziki &#8211; ziemia przekl\u0119ta&#8221;? Tytu\u0142 nawi\u0105zuje do legendy o<a href=\"http:\/\/www.odyssei.com\/pl\/travel-article\/8540.html\"> przekle\u0144stwie matki.&nbsp;<\/a>&nbsp;Nasze ma\u0142e ojczyzny znaj\u0105 tego typu opowie\u015bci sprzed lat, np. ta nasza legenda <a href=\"http:\/\/parafiastrzygi.pl\/o-parafii\/\">o strzygach w mojej parafii.&nbsp;<\/a>&nbsp;<\/p>\n<p>Ale nie o legendach chc\u0119 pisa\u0107, tylko o przekle\u0144stwie i b\u0142ogos\u0142awie\u0144stwie. &nbsp;Przekle\u0144stwo to \u015bwiadome i celowe z\u0142orzeczenie \u2013 przywo\u0142anie z\u0142a, \u017ceby zniszczy\u0142o danego cz\u0142owieka i sprowadzi\u0142o na niego nieszcz\u0119\u015bcie. Z\u0142orzeczenie wypowiadane jest najcz\u0119\u015bciej pod wp\u0142ywem emocji. Poruszy\u0142em ten temat na rekolekcjach. S\u0105dz\u0119, \u017ce dzisiaj wszyscy bardzo potrzebujemy b\u0142ogos\u0142awie\u0144stwa. W domach rodzinnych dzieci raczej s\u0142ysz\u0105 przekle\u0144stwa ni\u017c b\u0142ogos\u0142awie\u0144stwa. Zanikn\u0105\u0142 ten pi\u0119kny zwyczaj, gdy rodzice b\u0142ogos\u0142awili dzieci przed wyj\u015bciem do szko\u0142y. Rzadko kre\u015blimy znak krzy\u017ca na czole dzieci i na bochenku chleba przed spo\u017cyciem. Bardzo ciesz\u0119 si\u0119 z tego dobrego zwyczaju, gdy moi siostrze\u0144cy wchodz\u0105 do domu i m\u00f3wi\u0105 na g\u0142os: &#8222;Niech b\u0119dzie pochwalony Jezus Chrystus!&#8221;. Szczeg\u00f3lnie niebezpieczne jest przeklinanie i z\u0142orzeczenie dzieci przez rodzic\u00f3w. Z tego trzeba si\u0119 wyspowiada\u0107. Dzieci od swoich rodzic\u00f3w ch\u0142on\u0105 wszystko. Dlatego trzeba zacz\u0105\u0107 b\u0142ogos\u0142awi\u0107 i dobrze m\u00f3wi\u0107, je\u015bli tego si\u0119 nie czyni. Pomna\u017ca\u0107 dobro w dzieciach. \u015aw. Pawe\u0142 pisa\u0142: <em>\u201eB\u0142ogos\u0142awcie tych, kt\u00f3rzy was prze\u015bladuj\u0105. B\u0142ogos\u0142awcie, a nie z\u0142orzeczcie\u201d<\/em> (Rz 12, 14).<\/p>\n<p>Warto wr\u00f3ci\u0107 to tych zdawa\u0142oby si\u0119 drobnych i dobrych zwyczaj\u00f3w: b\u0142ogos\u0142awienia sobie nawzajem, chwalenia Boga, kre\u015blenia krzy\u017ca na czole i na chlebie, noszenia medalik\u00f3w, krzy\u017cyk\u00f3w, r\u00f3\u017ca\u0144c\u00f3w, wieszania po\u015bwi\u0119conych obraz\u00f3w i krzy\u017cy w domach i urz\u0119dach. Wtedy ta nasza ziemia b\u0119dzie b\u0142ogos\u0142awiona, a nie przekl\u0119ta. Jak pisa\u0142 Jan Pawe\u0142 II:<em>&#8222;Ucz\u0105c si\u0119 nowej nadziei, idziemy poprzez ten czas ku ziemi nowej. I wznosimy ciebie, ziemio dawna, jak owoc mi\u0142o\u015bci pokole\u0144, kt\u00f3ra przeros\u0142a nienawi\u015b\u0107.&#8221; <\/em>(My\u015bl\u0105c Ojczyzna&#8221;) &nbsp;<\/p>\n<p>&nbsp;<\/p>\n","protected":false},"excerpt":{"rendered":"<p>Na pocz\u0105tku marca prowadzi\u0142em rekolekcje w s\u0105siedniej parafii. Proboszcz tej\u017ce parafii wyda\u0142 w 2011 r. ksi\u0105\u017ck\u0119 &#8211; album o intryguj\u0105cym tytule: &#8222;Radziki &#8211; ziemia przekl\u0119ta&#8221;? Tytu\u0142 nawi\u0105zuje do legendy o przekle\u0144stwie matki.&nbsp;&nbsp;Nasze ma\u0142e ojczyzny znaj\u0105 tego typu opowie\u015bci sprzed lat, np. ta nasza legenda o strzygach w mojej parafii.&nbsp;&nbsp; Ale nie o legendach chc\u0119 pisa\u0107, [&hellip;]<\/p>\n","protected":false},"author":1,"featured_media":0,"comment_status":"open","ping_status":"closed","sticky":false,"template":"","format":"standard","meta":{"ngg_post_thumbnail":0},"categories":[1],"tags":[],"_links":{"self":[{"href":"https:\/\/umacieja.net\/blog\/index.php?rest_route=\/wp\/v2\/posts\/3845"}],"collection":[{"href":"https:\/\/umacieja.net\/blog\/index.php?rest_route=\/wp\/v2\/posts"}],"about":[{"href":"https:\/\/umacieja.net\/blog\/index.php?rest_route=\/wp\/v2\/types\/post"}],"author":[{"embeddable":true,"href":"https:\/\/umacieja.net\/blog\/index.php?rest_route=\/wp\/v2\/users\/1"}],"replies":[{"embeddable":true,"href":"https:\/\/umacieja.net\/blog\/index.php?rest_route=%2Fwp%2Fv2%2Fcomments&post=3845"}],"version-history":[{"count":0,"href":"https:\/\/umacieja.net\/blog\/index.php?rest_route=\/wp\/v2\/posts\/3845\/revisions"}],"wp:attachment":[{"href":"https:\/\/umacieja.net\/blog\/index.php?rest_route=%2Fwp%2Fv2%2Fmedia&parent=3845"}],"wp:term":[{"taxonomy":"category","embeddable":true,"href":"https:\/\/umacieja.net\/blog\/index.php?rest_route=%2Fwp%2Fv2%2Fcategories&post=3845"},{"taxonomy":"post_tag","embeddable":true,"href":"https:\/\/umacieja.net\/blog\/index.php?rest_route=%2Fwp%2Fv2%2Ftags&post=3845"}],"curies":[{"name":"wp","href":"https:\/\/api.w.org\/{rel}","templated":true}]}}