{"id":3826,"date":"2017-02-25T20:36:05","date_gmt":"2017-02-25T18:36:05","guid":{"rendered":"http:\/\/umacieja.net\/blog\/?p=3826"},"modified":"2017-02-25T21:49:43","modified_gmt":"2017-02-25T19:49:43","slug":"nie-szkodzi","status":"publish","type":"post","link":"https:\/\/umacieja.net\/blog\/?p=3826","title":{"rendered":"Nie szkodzi&#8230;!"},"content":{"rendered":"<p><center><a href=\"http:\/\/umacieja.net\/blog\/wp-content\/uploads\/2017\/02\/Bieszczady_2014_596.jpg\"><img decoding=\"async\" loading=\"lazy\" class=\"wp-image-3827 aligncenter\" src=\"http:\/\/umacieja.net\/blog\/wp-content\/uploads\/2017\/02\/Bieszczady_2014_596.jpg\" alt=\"\" height=\"487\" width=\"323\" srcset=\"https:\/\/umacieja.net\/blog\/wp-content\/uploads\/2017\/02\/Bieszczady_2014_596.jpg 398w, https:\/\/umacieja.net\/blog\/wp-content\/uploads\/2017\/02\/Bieszczady_2014_596-199x300.jpg 199w\" sizes=\"(max-width: 323px) 100vw, 323px\" \/><\/a><\/center>Kolejny karnawa\u0142 przemija. Czekamy wszyscy na wiosn\u0119. Wielki Post jest wi\u0119c nadziej\u0105 na wyzwolenie: z zimy, \u015bniegu, mrozu. Czy tylko? Popi\u00f3\u0142, kt\u00f3ry przyjmiemy na g\u0142ow\u0119 ma pom\u00f3c zrozumie\u0107, \u017ce \u201ejeste\u015b tylko jedn\u0105 z rzeczy wielu\u2026\u201d (Cz. M.) i przeminiesz, umrzesz, odejdziesz, zapomnisz, zapomn\u0105 o tobie. A co pozostanie? Popi\u00f3\u0142 czy diament?<br \/>\nLubi\u0119 ten czas postu, modlitwy i ja\u0142mu\u017cny. Przed nami 40 dni w\u0119drowania przez pustyni\u0119 naszych serc. Czy jeste\u015b got\u00f3w na t\u0119 nie\u0142atw\u0105 w\u0119dr\u00f3wk\u0119? Czy znajdziesz czas dla Boga, siebie, cz\u0142owieka? Prawdziwa pokuta dokonuje si\u0119 w sercu cz\u0142owieka \u2013 w jego wn\u0119trzu. Z kr\u00f3lem Dawidem wo\u0142am: \u201eStw\u00f3rz, o Bo\u017ce, we mnie serce czyste\u201d. Czy czujesz g\u0142\u00f3d ducha? Zwolnisz? \u017bycie Twoje to popi\u00f3\u0142 czy diament? \u017bycz\u0119 wielkiej ciszy zabielanej popio\u0142em i po\u0142yskuj\u0105cej diamentem\u2026<br \/>\nNiedawno, prze\u017cywszy 102 lata, odesz\u0142a do Domu Ojca aktorka Danuta Szaflarska. Pod koniec \u017cycia podzieli\u0142a si\u0119 bardzo osobist\u0105 histori\u0105 \u2013 jak si\u0119 nawr\u00f3ci\u0142a \u2013 i zawdzi\u0119cza to ks. Jerzemu Popie\u0142uszce. Poznali si\u0119 w s\u0105dzie w stanie wojennym. Kiedy\u015b ks. Jerzy zaproponowa\u0142: &#8222;Prosz\u0119 pani, ja raz w miesi\u0105cu odprawiam msz\u0119 za ojczyzn\u0119. Czy mog\u0142aby pani na takiej mszy przeczyta\u0107 wiersz?&#8221;. Odpowiedzia\u0142a Szaflarska: &#8222;Prosz\u0119 ksi\u0119dza, nie b\u0119d\u0119 bra\u0142a w tym udzia\u0142u, bo ja do ko\u015bcio\u0142a nie chodz\u0119 i jestem niewierz\u0105ca&#8221;. A ks. Popie\u0142uszko na to: &#8222;Nie szkodzi&#8221;. I te dwa s\u0142owa &#8222;nie szkodzi&#8221; wr\u00f3ci\u0142y mi p\u00f3\u017aniej wiar\u0119 i sprawi\u0142y, \u017ce si\u0119 z nim zaprzyja\u017ani\u0142am&#8230; kontynuowa\u0142a Aktorka. Potem odby\u0142a si\u0119 &#8222;hurtowa&#8221; spowied\u017a po 40 latach.<br \/>\nJa te\u017c podczas wizyty duszpasterskiej sk\u0142ada\u0142em propozycje Parafianom:&nbsp;aby co\u015b dobrego zrobili dla parafii, przeczytali czytania, Ko\u0142o \u017bywego R\u00f3\u017ca\u0144ca stworzyli, Kr\u0105g Ko\u015bcio\u0142a Domowego za\u0142o\u017cyli, do ch\u00f3ru, do asysty, do ministrant\u00f3w, Oazy przyszli&#8230; Czekam wi\u0119c i mam nadziej\u0119 na zaprzyja\u017anienie si\u0119!<br \/>\nps I nie szkodzi, \u017ce mo\u017ce Kto\u015b s\u0105dzi, \u017ce nie wierzy i do ko\u015bcio\u0142a nie chodzi&#8230;<\/p>\n","protected":false},"excerpt":{"rendered":"<p>Kolejny karnawa\u0142 przemija. Czekamy wszyscy na wiosn\u0119. Wielki Post jest wi\u0119c nadziej\u0105 na wyzwolenie: z zimy, \u015bniegu, mrozu. Czy tylko? Popi\u00f3\u0142, kt\u00f3ry przyjmiemy na g\u0142ow\u0119 ma pom\u00f3c zrozumie\u0107, \u017ce \u201ejeste\u015b tylko jedn\u0105 z rzeczy wielu\u2026\u201d (Cz. M.) i przeminiesz, umrzesz, odejdziesz, zapomnisz, zapomn\u0105 o tobie. A co pozostanie? Popi\u00f3\u0142 czy diament? Lubi\u0119 ten czas postu, [&hellip;]<\/p>\n","protected":false},"author":1,"featured_media":0,"comment_status":"open","ping_status":"closed","sticky":false,"template":"","format":"standard","meta":{"ngg_post_thumbnail":0},"categories":[1],"tags":[],"_links":{"self":[{"href":"https:\/\/umacieja.net\/blog\/index.php?rest_route=\/wp\/v2\/posts\/3826"}],"collection":[{"href":"https:\/\/umacieja.net\/blog\/index.php?rest_route=\/wp\/v2\/posts"}],"about":[{"href":"https:\/\/umacieja.net\/blog\/index.php?rest_route=\/wp\/v2\/types\/post"}],"author":[{"embeddable":true,"href":"https:\/\/umacieja.net\/blog\/index.php?rest_route=\/wp\/v2\/users\/1"}],"replies":[{"embeddable":true,"href":"https:\/\/umacieja.net\/blog\/index.php?rest_route=%2Fwp%2Fv2%2Fcomments&post=3826"}],"version-history":[{"count":0,"href":"https:\/\/umacieja.net\/blog\/index.php?rest_route=\/wp\/v2\/posts\/3826\/revisions"}],"wp:attachment":[{"href":"https:\/\/umacieja.net\/blog\/index.php?rest_route=%2Fwp%2Fv2%2Fmedia&parent=3826"}],"wp:term":[{"taxonomy":"category","embeddable":true,"href":"https:\/\/umacieja.net\/blog\/index.php?rest_route=%2Fwp%2Fv2%2Fcategories&post=3826"},{"taxonomy":"post_tag","embeddable":true,"href":"https:\/\/umacieja.net\/blog\/index.php?rest_route=%2Fwp%2Fv2%2Ftags&post=3826"}],"curies":[{"name":"wp","href":"https:\/\/api.w.org\/{rel}","templated":true}]}}