{"id":3817,"date":"2017-01-31T21:29:19","date_gmt":"2017-01-31T19:29:19","guid":{"rendered":"http:\/\/umacieja.net\/blog\/?p=3817"},"modified":"2017-02-25T21:45:32","modified_gmt":"2017-02-25T19:45:32","slug":"dzieci-wiedza-lepiej","status":"publish","type":"post","link":"https:\/\/umacieja.net\/blog\/?p=3817","title":{"rendered":"Dzieci wiedz\u0105 lepiej"},"content":{"rendered":"<p><center><a href=\"http:\/\/umacieja.net\/blog\/wp-content\/uploads\/2017\/01\/Zdjecia_021.jpg\"><img decoding=\"async\" loading=\"lazy\" class=\"wp-image-3818 aligncenter\" src=\"http:\/\/umacieja.net\/blog\/wp-content\/uploads\/2017\/01\/Zdjecia_021.jpg\" alt=\"\" height=\"334\" width=\"504\" srcset=\"https:\/\/umacieja.net\/blog\/wp-content\/uploads\/2017\/01\/Zdjecia_021.jpg 600w, https:\/\/umacieja.net\/blog\/wp-content\/uploads\/2017\/01\/Zdjecia_021-300x199.jpg 300w\" sizes=\"(max-width: 504px) 100vw, 504px\" \/><\/a><\/center>Jeszcze w czasie Bo\u017conarodzeniowym w naszej tradycji przysz\u0142y my\u015bli godne podzielenia si\u0119. Przed Pasterk\u0105 czekali\u015bmy na \u015awi\u0119t\u0105 Rodzin\u0119 z Jase\u0142ek, aby stan\u0119\u0142a przy Stajence w ko\u015bciele. Maryja przyby\u0142a wcze\u015bnie. Na \u015awi\u0119tego J\u00f3zefa nie doczekali\u015bmy si\u0119. Zachorowa\u0142? Zapomnia\u0142? Zabalowa\u0142? W zast\u0119pstwie przyby\u0142 Anio\u0142ek z Jase\u0142ek. Takie czasy mamy wida\u0107! Ojc\u00f3w mamy coraz mniej w rodzinach. To znak czasu: Matka Maryja pozosta\u0142a osamotniona, bez m\u0119\u017ca, bez ojca. Ale by\u0142 z Ni\u0105 Anio\u0142 &#8211; i to jest nadzieja, by\u0107 z Anio\u0142em w \u017cyciu, gdy si\u0119 nie uk\u0142ada&#8230; I spostrze\u017cenie z dzisiejszego kol\u0119dowania: jestem w trzypokoleniowej rodzinie. Trwa modlitwa, rozmowa, potem doro\u015bli sk\u0142adaj\u0105 ofiary kol\u0119dowe na r\u00f3\u017cne potrzeby wsp\u00f3lnoty Ko\u015bcio\u0142a. Wcze\u015bniej obdarowa\u0142em dzieci obrazkami i cukierkami po\u015bwi\u0119conymi na grzeczno\u015b\u0107 dzia\u0142aj\u0105cymi. Po chwili pi\u0119cioletni ch\u0142opiec wybieg\u0142 do swego pokoju i przyni\u00f3s\u0142 10 z\u0142 i z\u0142o\u017cy\u0142 je na ofiar\u0119. Rodzice byli zaskoczeni, \u017ce ze swoich oszcz\u0119dno\u015bci ch\u0142opiec umia\u0142 si\u0119 podzieli\u0107. Podzi\u0119kowa\u0142em za t\u0119 m\u0105dro\u015b\u0107 dzielenia si\u0119. To pierwszy taki przypadek w moim ju\u017c 25 &#8211; letnim kol\u0119dowaniu. Dzieci naprawd\u0119 wiedz\u0105 wi\u0119cej ni\u017c nam si\u0119 wydaje!<\/p>\n","protected":false},"excerpt":{"rendered":"<p>Jeszcze w czasie Bo\u017conarodzeniowym w naszej tradycji przysz\u0142y my\u015bli godne podzielenia si\u0119. Przed Pasterk\u0105 czekali\u015bmy na \u015awi\u0119t\u0105 Rodzin\u0119 z Jase\u0142ek, aby stan\u0119\u0142a przy Stajence w ko\u015bciele. Maryja przyby\u0142a wcze\u015bnie. Na \u015awi\u0119tego J\u00f3zefa nie doczekali\u015bmy si\u0119. Zachorowa\u0142? Zapomnia\u0142? Zabalowa\u0142? W zast\u0119pstwie przyby\u0142 Anio\u0142ek z Jase\u0142ek. Takie czasy mamy wida\u0107! Ojc\u00f3w mamy coraz mniej w rodzinach. To [&hellip;]<\/p>\n","protected":false},"author":1,"featured_media":0,"comment_status":"open","ping_status":"closed","sticky":false,"template":"","format":"standard","meta":{"ngg_post_thumbnail":0},"categories":[1],"tags":[],"_links":{"self":[{"href":"https:\/\/umacieja.net\/blog\/index.php?rest_route=\/wp\/v2\/posts\/3817"}],"collection":[{"href":"https:\/\/umacieja.net\/blog\/index.php?rest_route=\/wp\/v2\/posts"}],"about":[{"href":"https:\/\/umacieja.net\/blog\/index.php?rest_route=\/wp\/v2\/types\/post"}],"author":[{"embeddable":true,"href":"https:\/\/umacieja.net\/blog\/index.php?rest_route=\/wp\/v2\/users\/1"}],"replies":[{"embeddable":true,"href":"https:\/\/umacieja.net\/blog\/index.php?rest_route=%2Fwp%2Fv2%2Fcomments&post=3817"}],"version-history":[{"count":0,"href":"https:\/\/umacieja.net\/blog\/index.php?rest_route=\/wp\/v2\/posts\/3817\/revisions"}],"wp:attachment":[{"href":"https:\/\/umacieja.net\/blog\/index.php?rest_route=%2Fwp%2Fv2%2Fmedia&parent=3817"}],"wp:term":[{"taxonomy":"category","embeddable":true,"href":"https:\/\/umacieja.net\/blog\/index.php?rest_route=%2Fwp%2Fv2%2Fcategories&post=3817"},{"taxonomy":"post_tag","embeddable":true,"href":"https:\/\/umacieja.net\/blog\/index.php?rest_route=%2Fwp%2Fv2%2Ftags&post=3817"}],"curies":[{"name":"wp","href":"https:\/\/api.w.org\/{rel}","templated":true}]}}