{"id":3776,"date":"2016-12-14T20:23:02","date_gmt":"2016-12-14T18:23:02","guid":{"rendered":"http:\/\/umacieja.net\/blog\/?p=3776"},"modified":"2016-12-15T11:00:54","modified_gmt":"2016-12-15T09:00:54","slug":"co-za-dzien","status":"publish","type":"post","link":"https:\/\/umacieja.net\/blog\/?p=3776","title":{"rendered":"Co za dzie\u0144!"},"content":{"rendered":"<p><center><a href=\"http:\/\/umacieja.net\/blog\/wp-content\/uploads\/2016\/12\/Szopki_2012_059.jpg\"><img decoding=\"async\" loading=\"lazy\" class=\"wp-image-3777 aligncenter\" src=\"http:\/\/umacieja.net\/blog\/wp-content\/uploads\/2016\/12\/Szopki_2012_059.jpg\" alt=\"SONY DSC\" width=\"497\" height=\"330\" srcset=\"https:\/\/umacieja.net\/blog\/wp-content\/uploads\/2016\/12\/Szopki_2012_059.jpg 600w, https:\/\/umacieja.net\/blog\/wp-content\/uploads\/2016\/12\/Szopki_2012_059-300x199.jpg 300w\" sizes=\"(max-width: 497px) 100vw, 497px\" \/><\/a><\/center>Co za dzie\u0144! Nie zanosi\u0142o si\u0119, \u017ce tak b\u0119dzie intensywnie przebiega\u0142. Rano roraty, dzieci otrzyma\u0142y kolejne r\u00f3\u017ce ze s\u0142odyczami, kt\u00f3re maj\u0105 zje\u015b\u0107 dopiero w Bo\u017ce Narodzenie. Uczymy si\u0119 chrze\u015bcija\u0144skiej t\u0119sknoty i oczekiwana. Wprawdzie do \u015awi\u0105t jeszcze daleko, bo dziesi\u0119\u0107 dni pozosta\u0142o, ale ju\u017c chcieliby\u015bmy je celebrowa\u0107.<\/p>\n<p>Rano dzwoni nasz lokalny i parafialny kowal &#8211; Pan Grzegorz (jedyny w okolicy) i pyta, czy jestem w domu, bo gwiazd\u0119 betlejemsk\u0105 wiezie. Ucieszy\u0142em si\u0119, \u017ce tak szybko j\u0105 wykona\u0142. Powiesimy j\u0105 na wie\u017cy ko\u015bcio\u0142a, aby wskazywa\u0142a drog\u0119 b\u0142\u0105dz\u0105cym.<\/p>\n<p>W tym samym czasie Pan Le\u015bniczy przywi\u00f3z\u0142 pi\u0119kne \u015bwierki do ko\u015bcio\u0142a. Roz\u0142adowali\u015bmy je przy ko\u015bciele. Czekaj\u0105 na pomocne r\u0119ce, kt\u00f3re je ubior\u0105 dla samego Jezusa.&nbsp;<\/p>\n<p>Okaza\u0142o si\u0119, \u017ce jest ju\u017c gotowa szopka dla Pana Jezusa i mo\u017cemy j\u0105 odebra\u0107. Pan Grzegorz zaproponowa\u0142, \u017ce mo\u017ce pojecha\u0107 po ni\u0105, skoro ma ju\u017c przyczepk\u0119 przy samochodzie. Po dw\u00f3ch godzinach nowa szopka ju\u017c by\u0142a w Strzygach. Dzi\u0119kuj\u0119 wykonawcom i pozdrawiam! (Sosna ju\u017c stoi w domu i pachnie lasem, a dynia czeka na sw\u00f3j czas).<\/p>\n<p>I jeszcze jedno adwentowe spostrze\u017cenie. Dzieci w jednej z klas mia\u0142y namalowa\u0107 swoj\u0105 miejscowo\u015b\u0107 w przysz\u0142o\u015bci. R\u00f3\u017cne by\u0142y elementy na tych ich obrazkach i zauwa\u017cy\u0142em, \u017ce na \u017cadnym nie by\u0142o \u015bwi\u0105tyni. By\u0142y nowoczesne domy, rakiety, pojazdy, ale nie by\u0142o ko\u015bcio\u0142a. Czy to jaki\u015b znak czasu? Czy ko\u015bcio\u0142y w przysz\u0142o\u015bci nie b\u0119d\u0105 nam ju\u017c potrzebne?<\/p>\n<p>Spacerowa\u0142em kilka dni temu ulicami niedalekiej Brodnicy. Pi\u0119knie i \u015bwi\u0105tecznie udekorowane ulice, mn\u00f3stwo przer\u00f3\u017cnych bank\u00f3w i sklep\u00f3w na ka\u017cdej ulicy, ludzie zabiegani &#8211; wida\u0107, \u017ce gdzie\u015b \u015bpiesz\u0105 si\u0119. Wchodz\u0105 i wychodz\u0105, sprawy za\u0142atwiaj\u0105, kupuj\u0105 i przez telefon rozmawiaj\u0105. Stan\u0105\u0142em na Starym Mie\u015bcie przed pot\u0119\u017cnym ko\u015bcio\u0142em (\u015bw. Katarzyny). Wszed\u0142em do \u015brodka. W kaplicy bocznej trwa\u0142a adoracja Naj\u015bwi\u0119tszego Sakramentu. Adorowa\u0142y dwie kobiety. Do\u0142\u0105czy\u0142em si\u0119 do nich. Dobrze, \u017ce s\u0105 takie miejsca, w kt\u00f3rych w\u015br\u00f3d zabiegania i chaosu mo\u017cna tak\u017ce dzisiaj odetchn\u0105\u0107 spokojem p\u0142yn\u0105cym z Betlejem.<\/p>\n<p>Bez Eucharystii i Ko\u015bcio\u0142a, bez adoracji i ciszy betlejemskiej zdziczejemy&#8230; <em>&#8222;Dlatego Pan sam da wam znak: Oto Panna pocznie i porodzi Syna, i nazwie Go imieniem Emmanuel\u201d.&nbsp; (Iz 7, 14)<\/em><\/p>\n<p>A tu s\u0105 moje \u017cyczenia przed\u015bwi\u0105teczne spod mojej strzechy:&nbsp;<a href=\"https:\/\/www.youtube.com\/watch?v=w6sLy19GK3w\">Trudne \u017cyczenia<\/a><\/p>\n<iframe width=\"500\" height=\"281\" src=\"https:\/\/www.youtube.com\/embed\/w6sLy19GK3w?feature=oembed\" frameborder=\"0\" allow=\"autoplay; encrypted-media\" allowfullscreen><\/iframe>\n","protected":false},"excerpt":{"rendered":"<p>Co za dzie\u0144! Nie zanosi\u0142o si\u0119, \u017ce tak b\u0119dzie intensywnie przebiega\u0142. Rano roraty, dzieci otrzyma\u0142y kolejne r\u00f3\u017ce ze s\u0142odyczami, kt\u00f3re maj\u0105 zje\u015b\u0107 dopiero w Bo\u017ce Narodzenie. Uczymy si\u0119 chrze\u015bcija\u0144skiej t\u0119sknoty i oczekiwana. Wprawdzie do \u015awi\u0105t jeszcze daleko, bo dziesi\u0119\u0107 dni pozosta\u0142o, ale ju\u017c chcieliby\u015bmy je celebrowa\u0107. Rano dzwoni nasz lokalny i parafialny kowal &#8211; Pan [&hellip;]<\/p>\n","protected":false},"author":1,"featured_media":0,"comment_status":"open","ping_status":"closed","sticky":false,"template":"","format":"standard","meta":{"ngg_post_thumbnail":0},"categories":[1],"tags":[],"_links":{"self":[{"href":"https:\/\/umacieja.net\/blog\/index.php?rest_route=\/wp\/v2\/posts\/3776"}],"collection":[{"href":"https:\/\/umacieja.net\/blog\/index.php?rest_route=\/wp\/v2\/posts"}],"about":[{"href":"https:\/\/umacieja.net\/blog\/index.php?rest_route=\/wp\/v2\/types\/post"}],"author":[{"embeddable":true,"href":"https:\/\/umacieja.net\/blog\/index.php?rest_route=\/wp\/v2\/users\/1"}],"replies":[{"embeddable":true,"href":"https:\/\/umacieja.net\/blog\/index.php?rest_route=%2Fwp%2Fv2%2Fcomments&post=3776"}],"version-history":[{"count":0,"href":"https:\/\/umacieja.net\/blog\/index.php?rest_route=\/wp\/v2\/posts\/3776\/revisions"}],"wp:attachment":[{"href":"https:\/\/umacieja.net\/blog\/index.php?rest_route=%2Fwp%2Fv2%2Fmedia&parent=3776"}],"wp:term":[{"taxonomy":"category","embeddable":true,"href":"https:\/\/umacieja.net\/blog\/index.php?rest_route=%2Fwp%2Fv2%2Fcategories&post=3776"},{"taxonomy":"post_tag","embeddable":true,"href":"https:\/\/umacieja.net\/blog\/index.php?rest_route=%2Fwp%2Fv2%2Ftags&post=3776"}],"curies":[{"name":"wp","href":"https:\/\/api.w.org\/{rel}","templated":true}]}}