{"id":374,"date":"2011-10-19T21:43:33","date_gmt":"2011-10-19T19:43:33","guid":{"rendered":"http:\/\/www.umacieja.net\/blog\/?p=374"},"modified":"2011-10-24T11:49:47","modified_gmt":"2011-10-24T09:49:47","slug":"krzyz-nie-dla-idiotow","status":"publish","type":"post","link":"https:\/\/umacieja.net\/blog\/?p=374","title":{"rendered":"Krzy\u017c nie dla idiot\u00f3w"},"content":{"rendered":"<p style=\"text-align: center;\"><img decoding=\"async\" loading=\"lazy\" class=\"aligncenter\" title=\"krzy\u017c\" src=\"http:\/\/umacieja.net\/galeria\/albums\/userpics\/Krzy%C5%BCe_004.jpg\" alt=\"\" width=\"367\" height=\"491\" \/><\/p>\n<p>Gdy obserwujemy dzisiaj owoce ostatnich wybor\u00f3w,\u00a0 to\u00a0 a\u017c\u00a0 chce si\u0119 powiedzie\u0107 &#8211; parafrazuj\u0105c s\u0142owa z pewnej reklamy &#8211; \u017ce krzy\u017c nie jest dla idiot\u00f3w!. Ju\u017c 2000 lat temu \u015aw. Pawe\u0142 pisa\u0142 do chrze\u015bcijan w Koryncie: &#8222;Nauka bowiem krzy\u017ca  <strong>g\u0142upstwem<\/strong> jest dla tych, co id\u0105 na zatracenie, <strong>moc\u0105 Bo\u017c\u0105<\/strong> za\u015b dla nas,  kt\u00f3rzy dost\u0119pujemy zbawienia (1Kor 1,18.22?25). To paradoks krzy\u017ca do dzi\u015b jak\u017ce aktualny:\u00a0\u00a0 w Krzy\u017cu &#8222;objawi\u0142a si\u0119 bezinteresowna mi\u0142o\u015b\u0107 Boga&#8221; (Papie\u017c Benedykt XVI) &#8211; nie jest wi\u0119c symbolem nienawi\u015bci, jak twierdz\u0105 dzisiaj niekt\u00f3rzy walcz\u0105cy z nim. Nie pojmuj\u0105 &#8211; tak jak dawni Grecy-\u00a0 \u017ce B\u00f3g mo\u017ce\u00a0 sko\u0144czy\u0107 na krzy\u017cu. To dziwna logika naszych czas\u00f3w.<\/p>\n<p>Dzisiaj wspominamy ju\u017c 27 rocznic\u0119 \u015bmierci b\u0142. ks. Jerzego Popie\u0142uszki. Odda\u0142 \u017cycie niedaleko st\u0105d, na Ziemi Kujawskiej za nasz\u0105 wolno\u015b\u0107. Krzy\u017c dla Niego sta\u0142 si\u0119 moc\u0105 Bo\u017c\u0105. Dla \u015bwiata przegra\u0142. Dla wieczno\u015bci i Boga wygra\u0142. I to dzisiaj partia, kt\u00f3r\u0105 popieraj\u0105 mordercy ks. Jerzego chce zdj\u0105\u0107 krzy\u017c w sejmie, kt\u00f3ry podarowa\u0142a Matka ks. Jerzego. Dok\u0105d zmierzamy?<\/p>\n<p>Ogl\u0105da\u0142em niedawno film<a href=\"http:\/\/www.youtube.com\/watch?v=R5J_IDl7BOc&amp;feature=relmfu\"> Bitwa Warszawska 1920<\/a>. Wzruszy\u0142a mnie posta\u0107 m\u0142odego ks. Ignacego Skorupki, kt\u00f3ry z krzy\u017cem w r\u0119ku porwa\u0142 polsk\u0105 m\u0142odzie\u017c przeciw czerwonej zarazie&#8230; Zgin\u0105\u0142. Ale my i Europa ocaleli\u015bmy! Diabe\u0142 jednak wci\u0105\u017c walczy, ale Ty nie b\u0105d\u017a g\u0142upi!<\/p>\n<p>Antoni S\u0142onimski, cz\u0142owiek, kt\u00f3rego trudno przecie\u017c pos\u0105dzi\u0107 o chrze\u015bcija\u0144ski prozelityzm, w wierszu pt. <em>Dwie ojczyzny<\/em> pisa\u0142: &#8222;W ojczy\u017anie twojej do obcych w wierze, B\u00f3g si\u0119 nie zni\u017ca. Moja ojczyzna \u015bwiat ca\u0142y bierze W ramiona krzy\u017ca&#8221;.<\/p>\n<p>Dzisiaj by\u0142em u Parafianina w szpitalu z sakramentem namaszczenia chorych.\u00a0 Rodzina prosi\u0142a o ten sakrament, bo twierdzili, \u017ce chory traci \u015bwiadomo\u015b\u0107. Kiedy uczyni\u0142em znak krzy\u017ca nad chorym, to i on prze\u017cegna\u0142 si\u0119 \u015bwiadomie.<\/p>\n<p>Krzy\u017c dla niego sta\u0142 si\u0119 moc\u0105 Bo\u017c\u0105. Kto mo\u017ce poj\u0105\u0107, niech pojmuje&#8230;<\/p>\n<p><a href=\"http:\/\/www.youtube.com\/watch?v=chge9gvoUG8&amp;feature=related\"> W ramionach tego Krzy\u017ca masz \u017cycie!\u00a0 Bo jak \u015bmier\u0107 pot\u0119\u017cna jest Mi\u0142o\u015b\u0107&#8230;<\/a> rozsiewaj zapach tej Mi\u0142o\u015bci!<\/p>\n","protected":false},"excerpt":{"rendered":"<p>Gdy obserwujemy dzisiaj owoce ostatnich wybor\u00f3w,\u00a0 to\u00a0 a\u017c\u00a0 chce si\u0119 powiedzie\u0107 &#8211; parafrazuj\u0105c s\u0142owa z pewnej reklamy &#8211; \u017ce krzy\u017c nie jest dla idiot\u00f3w!. Ju\u017c 2000 lat temu \u015aw. Pawe\u0142 pisa\u0142 do chrze\u015bcijan w Koryncie: &#8222;Nauka bowiem krzy\u017ca g\u0142upstwem jest dla tych, co id\u0105 na zatracenie, moc\u0105 Bo\u017c\u0105 za\u015b dla nas, kt\u00f3rzy dost\u0119pujemy zbawienia (1Kor [&hellip;]<\/p>\n","protected":false},"author":1,"featured_media":0,"comment_status":"open","ping_status":"closed","sticky":false,"template":"","format":"standard","meta":{"ngg_post_thumbnail":0},"categories":[1],"tags":[],"_links":{"self":[{"href":"https:\/\/umacieja.net\/blog\/index.php?rest_route=\/wp\/v2\/posts\/374"}],"collection":[{"href":"https:\/\/umacieja.net\/blog\/index.php?rest_route=\/wp\/v2\/posts"}],"about":[{"href":"https:\/\/umacieja.net\/blog\/index.php?rest_route=\/wp\/v2\/types\/post"}],"author":[{"embeddable":true,"href":"https:\/\/umacieja.net\/blog\/index.php?rest_route=\/wp\/v2\/users\/1"}],"replies":[{"embeddable":true,"href":"https:\/\/umacieja.net\/blog\/index.php?rest_route=%2Fwp%2Fv2%2Fcomments&post=374"}],"version-history":[{"count":0,"href":"https:\/\/umacieja.net\/blog\/index.php?rest_route=\/wp\/v2\/posts\/374\/revisions"}],"wp:attachment":[{"href":"https:\/\/umacieja.net\/blog\/index.php?rest_route=%2Fwp%2Fv2%2Fmedia&parent=374"}],"wp:term":[{"taxonomy":"category","embeddable":true,"href":"https:\/\/umacieja.net\/blog\/index.php?rest_route=%2Fwp%2Fv2%2Fcategories&post=374"},{"taxonomy":"post_tag","embeddable":true,"href":"https:\/\/umacieja.net\/blog\/index.php?rest_route=%2Fwp%2Fv2%2Ftags&post=374"}],"curies":[{"name":"wp","href":"https:\/\/api.w.org\/{rel}","templated":true}]}}