{"id":3728,"date":"2016-11-17T10:57:52","date_gmt":"2016-11-17T08:57:52","guid":{"rendered":"http:\/\/www.umacieja.net\/blog\/?p=3728"},"modified":"2016-11-17T11:24:53","modified_gmt":"2016-11-17T09:24:53","slug":"kto-to-jest-patriota","status":"publish","type":"post","link":"https:\/\/umacieja.net\/blog\/?p=3728","title":{"rendered":"Kto to jest patriota? Rzecz o rodzinie."},"content":{"rendered":"<p><a href=\"http:\/\/www.umacieja.net\/blog\/wp-content\/uploads\/2016\/11\/15036335_1856960941256866_1763452836309819791_n.jpg\"><img decoding=\"async\" loading=\"lazy\" class=\"aligncenter size-full wp-image-3729\" src=\"http:\/\/www.umacieja.net\/blog\/wp-content\/uploads\/2016\/11\/15036335_1856960941256866_1763452836309819791_n.jpg\" alt=\"15036335_1856960941256866_1763452836309819791_n\" width=\"480\" height=\"282\" srcset=\"https:\/\/umacieja.net\/blog\/wp-content\/uploads\/2016\/11\/15036335_1856960941256866_1763452836309819791_n.jpg 480w, https:\/\/umacieja.net\/blog\/wp-content\/uploads\/2016\/11\/15036335_1856960941256866_1763452836309819791_n-300x176.jpg 300w\" sizes=\"(max-width: 480px) 100vw, 480px\" \/><\/a><\/p>\n<p style=\"text-align: justify;\">T\u0119 fotografi\u0119 znalaz\u0142em w sieci. Zadanie by\u0142o takie, aby podpisa\u0107 j\u0105. R\u00f3\u017cne by\u0142y tytu\u0142y. Pierwsze moje skojarzenie, jakie si\u0119 cisn\u0119\u0142o na usta, to patrioci.<\/p>\n<p style=\"text-align: justify;\">Z okazji \u015bwi\u0119ta Niepodleg\u0142o\u015bci Polski nauczyciele w szkole w Strzygach zorganizowali akademi\u0119, quizy, \u015bpiewanie pie\u015bni patriotycznych i degustacj\u0119 g\u0119siny. W pewnym momencie pad\u0142o pytanie skierowane do najm\u0142odszych: kto to jest patriota? R\u00f3\u017cne by\u0142y odpowiedzi. Ada\u015b z kl. I zaskoczy\u0142 wszystkich, gdy odpowiedzia\u0142, \u017ce to ksi\u0105dz. Sk\u0105d taka odpowied\u017a u ma\u0142ego ch\u0142opca? Zapewne wyp\u0142ywa\u0142a z domowego wychowania i patriotycznej atmosfery w nim. Zdrowa rodzina, to podstawa dobrego wychowania, najwi\u0119kszy skarb i inwestycja na przysz\u0142o\u015b\u0107.<\/p>\n<p style=\"text-align: justify;\">Nie pomy\u015bla\u0142em o sobie, chocia\u017c jestem patriot\u0105. Na my\u015bl przysz\u0142y mi szeregi duchownych i zakonnik\u00f3w z ca\u0142ej naszej historii, kt\u00f3rzy byli wielkim patriotami i zarazem \u015bwi\u0119tymi. Pocz\u0105wszy od patrona naszej parafii &#8211; <a href=\"http:\/\/parafiastrzygi.pl\/galeria\/displayimage.php?album=1&amp;pid=1127#top_display_media\">\u015bw. Stanis\u0142awa Biskupa i M\u0119czennika<\/a>, a sko\u0144czywszy na pokazanych na powy\u017cszej fotografii. Mia\u0142 racj\u0119 Ada\u015b! Rodzina to podstawa. O tym w\u0142a\u015bnie rozmawiano na <a href=\"http:\/\/diecezjaplocka.pl\/dla-wiernych\/aktualnosci\/112016\/sympozjum-w-seminarium-rodzina-nie-jest-problemem\">Sympozjum Ko\u0142a Naukowego w Seminarium Duchownym w P\u0142ocku<\/a><\/p>\n<iframe width=\"500\" height=\"281\" src=\"https:\/\/www.youtube.com\/embed\/fa3HqUUfoRc?feature=oembed\" frameborder=\"0\" allow=\"autoplay; encrypted-media\" allowfullscreen><\/iframe>\n<p>&nbsp;<\/p>\n<p>&nbsp;<\/p>\n","protected":false},"excerpt":{"rendered":"<p>T\u0119 fotografi\u0119 znalaz\u0142em w sieci. Zadanie by\u0142o takie, aby podpisa\u0107 j\u0105. R\u00f3\u017cne by\u0142y tytu\u0142y. Pierwsze moje skojarzenie, jakie si\u0119 cisn\u0119\u0142o na usta, to patrioci. Z okazji \u015bwi\u0119ta Niepodleg\u0142o\u015bci Polski nauczyciele w szkole w Strzygach zorganizowali akademi\u0119, quizy, \u015bpiewanie pie\u015bni patriotycznych i degustacj\u0119 g\u0119siny. W pewnym momencie pad\u0142o pytanie skierowane do najm\u0142odszych: kto to jest patriota? [&hellip;]<\/p>\n","protected":false},"author":1,"featured_media":0,"comment_status":"open","ping_status":"closed","sticky":false,"template":"","format":"standard","meta":{"ngg_post_thumbnail":0},"categories":[1],"tags":[],"_links":{"self":[{"href":"https:\/\/umacieja.net\/blog\/index.php?rest_route=\/wp\/v2\/posts\/3728"}],"collection":[{"href":"https:\/\/umacieja.net\/blog\/index.php?rest_route=\/wp\/v2\/posts"}],"about":[{"href":"https:\/\/umacieja.net\/blog\/index.php?rest_route=\/wp\/v2\/types\/post"}],"author":[{"embeddable":true,"href":"https:\/\/umacieja.net\/blog\/index.php?rest_route=\/wp\/v2\/users\/1"}],"replies":[{"embeddable":true,"href":"https:\/\/umacieja.net\/blog\/index.php?rest_route=%2Fwp%2Fv2%2Fcomments&post=3728"}],"version-history":[{"count":0,"href":"https:\/\/umacieja.net\/blog\/index.php?rest_route=\/wp\/v2\/posts\/3728\/revisions"}],"wp:attachment":[{"href":"https:\/\/umacieja.net\/blog\/index.php?rest_route=%2Fwp%2Fv2%2Fmedia&parent=3728"}],"wp:term":[{"taxonomy":"category","embeddable":true,"href":"https:\/\/umacieja.net\/blog\/index.php?rest_route=%2Fwp%2Fv2%2Fcategories&post=3728"},{"taxonomy":"post_tag","embeddable":true,"href":"https:\/\/umacieja.net\/blog\/index.php?rest_route=%2Fwp%2Fv2%2Ftags&post=3728"}],"curies":[{"name":"wp","href":"https:\/\/api.w.org\/{rel}","templated":true}]}}