{"id":3720,"date":"2016-11-02T18:17:42","date_gmt":"2016-11-02T16:17:42","guid":{"rendered":"http:\/\/www.umacieja.net\/blog\/?p=3720"},"modified":"2016-11-02T18:19:37","modified_gmt":"2016-11-02T16:19:37","slug":"zaduszkowo-mus-cleka-ratowac","status":"publish","type":"post","link":"https:\/\/umacieja.net\/blog\/?p=3720","title":{"rendered":"Zaduszkowo: &#8222;Mus c\u0142eka ratowa\u0107!&#8221;"},"content":{"rendered":"<p><a href=\"http:\/\/www.umacieja.net\/blog\/wp-content\/uploads\/2016\/11\/Tatry_2013_os_070.jpg\"><img decoding=\"async\" loading=\"lazy\" class=\"aligncenter  wp-image-3721\" src=\"http:\/\/www.umacieja.net\/blog\/wp-content\/uploads\/2016\/11\/Tatry_2013_os_070.jpg\" alt=\"SONY DSC\" width=\"506\" height=\"335\" srcset=\"https:\/\/umacieja.net\/blog\/wp-content\/uploads\/2016\/11\/Tatry_2013_os_070.jpg 600w, https:\/\/umacieja.net\/blog\/wp-content\/uploads\/2016\/11\/Tatry_2013_os_070-300x199.jpg 300w\" sizes=\"(max-width: 506px) 100vw, 506px\" \/><\/a><\/p>\n<p style=\"text-align: justify;\">Na bardzo skromnym nagrobku Klimka Bachledy jest taki napis: &#8222;Po\u015bwi\u0119ci\u0142 si\u0119 i zgin\u0105\u0142&#8221;. By\u0142 pierwszym ratownikiem TOPR, kt\u00f3ry poni\u00f3s\u0142 \u015bmier\u0107, podczas akcji ratunkowej. Poszed\u0142 ratowa\u0107 m\u0142odego taternika ze Lwowa, kt\u00f3ry odpad\u0142 od \u015bciany na Ma\u0142ym Jaworowym Szczycie. Zna\u0142 Tatry lepiej ni\u017c Mariusz Zaruski, jego zwierzchnik i szef TOPR, kt\u00f3ry kaza\u0142 mu wraca\u0107, gdy za\u0142ama\u0142a si\u0119 pogoda. Nie pos\u0142ucha\u0142, powiedzia\u0142: &#8222;Mus i\u015b\u0107 i c\u0142eka ratowa\u0107 !&#8221;. Poszed\u0142 \u00a0i zgin\u0105\u0142 w lawinie. Zaruski zna\u0142 go dobrze i wiedzia\u0142, \u017ce to niepos\u0142usze\u0144stwo bra\u0142o si\u0119 z g\u0142\u0119bokiej wiary Klimka Bachledy w to, co robi\u0142, i kt\u00f3r\u0105 zamyka\u0142 w kr\u00f3tkim zdaniu: &#8222;Mus c\u0142eka ratowa\u0107&#8221;.<\/p>\n<p style=\"text-align: justify;\">W dniu Zadusznym przypomnia\u0142a mi si\u0119 posta\u0107 Klimka Bachledy. Gdy idziemy <a href=\"https:\/\/www.youtube.com\/watch?v=BPsS-wyZAA8\">modli\u0107 si\u0119 za dusze w czy\u015b\u0107cu cierpi\u0105ce<\/a>, gdy zamawiamy Msze \u015bwi\u0119te i wypominki za zmar\u0142ych, to wtedy w\u0142asnie idziemy ratowa\u0107 cz\u0142owieka. Tak jak Klimek. Trzeba i\u015b\u0107 i modlitw\u0105 ratowa\u0107 tych, kt\u00f3rzy ju\u017c sobie pom\u00f3c nie mog\u0105&#8230;To wielki dar! By\u0107 mo\u017ce kiedy\u015b kto\u015b nas p\u00f3jdzie ratowa\u0107.<\/p>\n<p style=\"text-align: justify;\"><a href=\"http:\/\/www.umacieja.net\/blog\/wp-content\/uploads\/2016\/11\/Zaduszki_Strzyckie_016.jpg\"><img decoding=\"async\" loading=\"lazy\" class=\"aligncenter  wp-image-3723\" src=\"http:\/\/www.umacieja.net\/blog\/wp-content\/uploads\/2016\/11\/Zaduszki_Strzyckie_016.jpg\" alt=\"SONY DSC\" width=\"509\" height=\"337\" srcset=\"https:\/\/umacieja.net\/blog\/wp-content\/uploads\/2016\/11\/Zaduszki_Strzyckie_016.jpg 600w, https:\/\/umacieja.net\/blog\/wp-content\/uploads\/2016\/11\/Zaduszki_Strzyckie_016-300x199.jpg 300w\" sizes=\"(max-width: 509px) 100vw, 509px\" \/><\/a><\/p>\n<p>&nbsp;<\/p>\n","protected":false},"excerpt":{"rendered":"<p>Na bardzo skromnym nagrobku Klimka Bachledy jest taki napis: &#8222;Po\u015bwi\u0119ci\u0142 si\u0119 i zgin\u0105\u0142&#8221;. By\u0142 pierwszym ratownikiem TOPR, kt\u00f3ry poni\u00f3s\u0142 \u015bmier\u0107, podczas akcji ratunkowej. Poszed\u0142 ratowa\u0107 m\u0142odego taternika ze Lwowa, kt\u00f3ry odpad\u0142 od \u015bciany na Ma\u0142ym Jaworowym Szczycie. Zna\u0142 Tatry lepiej ni\u017c Mariusz Zaruski, jego zwierzchnik i szef TOPR, kt\u00f3ry kaza\u0142 mu wraca\u0107, gdy za\u0142ama\u0142a si\u0119 [&hellip;]<\/p>\n","protected":false},"author":1,"featured_media":0,"comment_status":"open","ping_status":"closed","sticky":false,"template":"","format":"standard","meta":{"ngg_post_thumbnail":0},"categories":[1],"tags":[],"_links":{"self":[{"href":"https:\/\/umacieja.net\/blog\/index.php?rest_route=\/wp\/v2\/posts\/3720"}],"collection":[{"href":"https:\/\/umacieja.net\/blog\/index.php?rest_route=\/wp\/v2\/posts"}],"about":[{"href":"https:\/\/umacieja.net\/blog\/index.php?rest_route=\/wp\/v2\/types\/post"}],"author":[{"embeddable":true,"href":"https:\/\/umacieja.net\/blog\/index.php?rest_route=\/wp\/v2\/users\/1"}],"replies":[{"embeddable":true,"href":"https:\/\/umacieja.net\/blog\/index.php?rest_route=%2Fwp%2Fv2%2Fcomments&post=3720"}],"version-history":[{"count":0,"href":"https:\/\/umacieja.net\/blog\/index.php?rest_route=\/wp\/v2\/posts\/3720\/revisions"}],"wp:attachment":[{"href":"https:\/\/umacieja.net\/blog\/index.php?rest_route=%2Fwp%2Fv2%2Fmedia&parent=3720"}],"wp:term":[{"taxonomy":"category","embeddable":true,"href":"https:\/\/umacieja.net\/blog\/index.php?rest_route=%2Fwp%2Fv2%2Fcategories&post=3720"},{"taxonomy":"post_tag","embeddable":true,"href":"https:\/\/umacieja.net\/blog\/index.php?rest_route=%2Fwp%2Fv2%2Ftags&post=3720"}],"curies":[{"name":"wp","href":"https:\/\/api.w.org\/{rel}","templated":true}]}}