{"id":3702,"date":"2016-10-22T20:04:32","date_gmt":"2016-10-22T18:04:32","guid":{"rendered":"http:\/\/www.umacieja.net\/blog\/?p=3702"},"modified":"2016-10-22T20:05:23","modified_gmt":"2016-10-22T18:05:23","slug":"totus-tuus-2","status":"publish","type":"post","link":"https:\/\/umacieja.net\/blog\/?p=3702","title":{"rendered":"Totus Tuus (2)"},"content":{"rendered":"<p style=\"text-align: justify;\"><a href=\"http:\/\/www.umacieja.net\/blog\/wp-content\/uploads\/2016\/10\/Tatry_2016_271.jpg\"><img decoding=\"async\" loading=\"lazy\" class=\"aligncenter  wp-image-3706\" src=\"http:\/\/www.umacieja.net\/blog\/wp-content\/uploads\/2016\/10\/Tatry_2016_271.jpg\" alt=\"SONY DSC\" width=\"494\" height=\"328\" srcset=\"https:\/\/umacieja.net\/blog\/wp-content\/uploads\/2016\/10\/Tatry_2016_271.jpg 600w, https:\/\/umacieja.net\/blog\/wp-content\/uploads\/2016\/10\/Tatry_2016_271-300x199.jpg 300w\" sizes=\"(max-width: 494px) 100vw, 494px\" \/><\/a><\/p>\n<p style=\"text-align: justify;\">Dzisiaj w liturgii wspominamy \u015bw. Jana Paw\u0142a II. Dobry to dzie\u0144 dla narzeczonych, kt\u00f3rzy dzisiaj udzielali sobie \u015blubu ma\u0142\u017ce\u0144skiego, kt\u00f3ry im pob\u0142ogos\u0142awi\u0142em i ochrzci\u0142em ich dziecko. To On ich przyprowadzi\u0142 do \u015bwi\u0105tyni. Przypomnia\u0142em Nowo\u017ce\u0144com, \u017ce maj\u0105 wspania\u0142ego Patrona na \u017cycie ma\u0142\u017ce\u0144skie i rodzinne. Jako m\u0142ody Karol szuka\u0142 rozwi\u0105zania wielu problem\u00f3w w swoim \u017cyciu. I znalaz\u0142\u00a0odpowied\u017a na nie w MI\u0141O\u015aCI: <em>&#8222;Mi\u0142o\u015b\u0107 mi wszystko wyja\u015bni\u0142a, Mi\u0142o\u015b\u0107 wszystko rozwi\u0105za\u0142a,\u00a0<\/em><em>dlatego uwielbiam t\u0119 Mi\u0142o\u015b\u0107, gdziekolwiek by przebywa\u0142a&#8221;.<\/em><\/p>\n<p style=\"text-align: justify;\">Drugi dzie\u0144 naszej pielgrzymki na po\u0142udnie Polski naznaczony by\u0142 obecno\u015bci\u0105 Karola Wojty\u0142y. <a href=\"https:\/\/www.youtube.com\/watch?v=hryUAp8sGgM\">Zdobyli\u015bmy Guba\u0142\u00f3wk\u0119 szlakiem Papieskim. <\/a>Odwiedzili\u015bmy sanktuarium na Krzept\u00f3wkach (wotum g\u00f3rali za ocalenie Jana Paw\u0142a II), uca\u0142owali\u015bmy relikwie \u015awi\u0119tego. Powy\u017csza fotografia pochodzi stamt\u0105d. Ojciec \u015awi\u0119ty chce obj\u0105\u0107 ca\u0142\u0105 Polsk\u0119 w swoje ramiona. Niech tak si\u0119 stanie!<\/p>\n<p style=\"text-align: justify;\">P\u00f3\u017aniej zdobyli\u015bmy Wiktor\u00f3wki i Rusinow\u0105 Polan\u0119. Tam te\u017c cz\u0119sto bywa\u0142 nasz \u015awi\u0119ty Patron. U Ga\u017adziny Tatr zatrzymali\u015bmy si\u0119 na Msz\u0119 \u015bwi\u0119t\u0105 i herbatk\u0119, kt\u00f3r\u0105 przygotowali gospodarze miejsca &#8211; ojcowie dominikanie. I znana <a href=\"http:\/\/papiez.wiara.pl\/doc\/378940.Rusinowa-Polana-Wiktorowki\">opowie\u015b\u0107 o Babce tu:<\/a><\/p>\n<p style=\"text-align: justify;\">Nigdzie tak nie smakuj\u0105 kanapki jak na Rusinowej Polanie&#8230; polecam spr\u00f3bowa\u0107! I \u0142aweczka si\u0119 doczeka\u0142a&#8230;<\/p>\n<p style=\"text-align: justify;\"><a href=\"http:\/\/www.umacieja.net\/blog\/wp-content\/uploads\/2016\/10\/Tatry_2016_389.jpg\"><img decoding=\"async\" loading=\"lazy\" class=\"aligncenter  wp-image-3716\" src=\"http:\/\/www.umacieja.net\/blog\/wp-content\/uploads\/2016\/10\/Tatry_2016_389.jpg\" alt=\"SONY DSC\" width=\"492\" height=\"326\" srcset=\"https:\/\/umacieja.net\/blog\/wp-content\/uploads\/2016\/10\/Tatry_2016_389.jpg 600w, https:\/\/umacieja.net\/blog\/wp-content\/uploads\/2016\/10\/Tatry_2016_389-300x199.jpg 300w\" sizes=\"(max-width: 492px) 100vw, 492px\" \/><\/a><\/p>\n<p>&nbsp;<\/p>\n<p><em>\u00a0<\/em><\/p>\n","protected":false},"excerpt":{"rendered":"<p>Dzisiaj w liturgii wspominamy \u015bw. Jana Paw\u0142a II. Dobry to dzie\u0144 dla narzeczonych, kt\u00f3rzy dzisiaj udzielali sobie \u015blubu ma\u0142\u017ce\u0144skiego, kt\u00f3ry im pob\u0142ogos\u0142awi\u0142em i ochrzci\u0142em ich dziecko. To On ich przyprowadzi\u0142 do \u015bwi\u0105tyni. Przypomnia\u0142em Nowo\u017ce\u0144com, \u017ce maj\u0105 wspania\u0142ego Patrona na \u017cycie ma\u0142\u017ce\u0144skie i rodzinne. Jako m\u0142ody Karol szuka\u0142 rozwi\u0105zania wielu problem\u00f3w w swoim \u017cyciu. I znalaz\u0142\u00a0odpowied\u017a [&hellip;]<\/p>\n","protected":false},"author":1,"featured_media":0,"comment_status":"open","ping_status":"closed","sticky":false,"template":"","format":"standard","meta":{"ngg_post_thumbnail":0},"categories":[1],"tags":[],"_links":{"self":[{"href":"https:\/\/umacieja.net\/blog\/index.php?rest_route=\/wp\/v2\/posts\/3702"}],"collection":[{"href":"https:\/\/umacieja.net\/blog\/index.php?rest_route=\/wp\/v2\/posts"}],"about":[{"href":"https:\/\/umacieja.net\/blog\/index.php?rest_route=\/wp\/v2\/types\/post"}],"author":[{"embeddable":true,"href":"https:\/\/umacieja.net\/blog\/index.php?rest_route=\/wp\/v2\/users\/1"}],"replies":[{"embeddable":true,"href":"https:\/\/umacieja.net\/blog\/index.php?rest_route=%2Fwp%2Fv2%2Fcomments&post=3702"}],"version-history":[{"count":0,"href":"https:\/\/umacieja.net\/blog\/index.php?rest_route=\/wp\/v2\/posts\/3702\/revisions"}],"wp:attachment":[{"href":"https:\/\/umacieja.net\/blog\/index.php?rest_route=%2Fwp%2Fv2%2Fmedia&parent=3702"}],"wp:term":[{"taxonomy":"category","embeddable":true,"href":"https:\/\/umacieja.net\/blog\/index.php?rest_route=%2Fwp%2Fv2%2Fcategories&post=3702"},{"taxonomy":"post_tag","embeddable":true,"href":"https:\/\/umacieja.net\/blog\/index.php?rest_route=%2Fwp%2Fv2%2Ftags&post=3702"}],"curies":[{"name":"wp","href":"https:\/\/api.w.org\/{rel}","templated":true}]}}