{"id":3696,"date":"2016-10-14T20:54:47","date_gmt":"2016-10-14T18:54:47","guid":{"rendered":"http:\/\/www.umacieja.net\/blog\/?p=3696"},"modified":"2016-10-14T21:41:35","modified_gmt":"2016-10-14T19:41:35","slug":"pogrzeb-kolegi","status":"publish","type":"post","link":"https:\/\/umacieja.net\/blog\/?p=3696","title":{"rendered":"Pogrzeb Kolegi"},"content":{"rendered":"<p><a href=\"http:\/\/www.umacieja.net\/blog\/wp-content\/uploads\/2016\/10\/Pogrzeb_xMT_064.jpg\"><img decoding=\"async\" loading=\"lazy\" class=\"aligncenter  wp-image-3697\" src=\"http:\/\/www.umacieja.net\/blog\/wp-content\/uploads\/2016\/10\/Pogrzeb_xMT_064.jpg\" alt=\"SONY DSC\" width=\"518\" height=\"344\" srcset=\"https:\/\/umacieja.net\/blog\/wp-content\/uploads\/2016\/10\/Pogrzeb_xMT_064.jpg 600w, https:\/\/umacieja.net\/blog\/wp-content\/uploads\/2016\/10\/Pogrzeb_xMT_064-300x199.jpg 300w\" sizes=\"(max-width: 518px) 100vw, 518px\" \/><\/a><\/p>\n<p style=\"text-align: justify;\">\u00a0Drogi Marku, to Ty zaprosi\u0142e\u015b nas dzisiaj do wsp\u00f3lnej modlitwy na Twoim pogrzebie. Cz\u0119sto jest w \u017cyciu tak, \u017ce brakuje nam czasu, jeste\u015bmy zabiegani, zapominamy o celu naszej w\u0119dr\u00f3wki. Pogrzeb jest dobr\u0105 okazj\u0105, aby si\u0119 zatrzyma\u0107, popatrze\u0107 w przesz\u0142o\u015b\u0107 i z nadziej\u0105 spojrze\u0107 w przysz\u0142o\u015b\u0107. Pami\u0119tam Ciebie jako cz\u0142owieka spokojnego, kt\u00f3ry \u015blepo nie \u015bpieszy\u0142 si\u0119, mia\u0142 czas.<\/p>\n<p style=\"text-align: justify;\">A ten nasz czas wci\u0105\u017c ucieka&#8230;. Dok\u0142adnie 30 lat temu spotkali\u015bmy si\u0119 w P\u0142ocku na ul. Nowowiejskiego 2, gdzie mie\u015bci si\u0119 Wy\u017csze Seminarium Duchowne. Niezbadane s\u0105 wyroki Boskie. Przez my\u015bl mi wtedy nie przesz\u0142o, \u017ce b\u0119d\u0119 proboszczem w Twojej rodzinnej parafii\u00a0 i to ja b\u0119d\u0119 organizowa\u0107 Tw\u00f3j pogrzeb!<\/p>\n<p style=\"text-align: justify;\">Obecny w\u015br\u00f3d nas Ksi\u0105dz Biskup Miros\u0142aw 30 lat temu zapewne rozpoczyna\u0142 nauk\u0119 w LO. I te\u017c nie my\u015bla\u0142 wtedy, \u017ce b\u0119dzie biskupem i b\u0119dzie przewodniczy\u0107 uroczysto\u015bciom pogrzebowym swego starszego kolegi, kt\u00f3rego tak\u017ce spotka\u0142 w seminarium.<\/p>\n<p style=\"text-align: justify;\">Ten czas trzeba chwyta\u0107 i nie marnowa\u0107 \u017cycia. Drogi Marku!\u00a0 Dla Ciebie ju\u017c nie ma poj\u0119cia czasu, jest wieczno\u015b\u0107. My te\u017c idziemy\u00a0TAM \u2026 Ty jeste\u015b ju\u017c\u00a0TAM. Zosta\u0142e\u015b zaproszony. My jeste\u015bmy oczekiwani TAM. Przygotuj nam miejsce i ubezpieczaj nas z wysoka! W seminarium lubi\u0142e\u015b robi\u0107 zdj\u0119cia i wywo\u0142ywa\u0107 je w ciemni. Zachodzi\u0142em cz\u0119sto do Ciebie ze swoimi fotografiami. Mam nadziej\u0119, \u017ce TAM tak\u017ce z Panem b\u0119dziesz robi\u0142 pi\u0119kne zdj\u0119cia i wywo\u0142ywa\u0142 je z rado\u015bci\u0105.<\/p>\n<p style=\"text-align: justify;\"><a href=\"https:\/\/www.youtube.com\/watch?v=YKsquGCEAyw\">RiP!\u00a0<\/a><\/p>\n<p>&nbsp;<\/p>\n","protected":false},"excerpt":{"rendered":"<p>\u00a0Drogi Marku, to Ty zaprosi\u0142e\u015b nas dzisiaj do wsp\u00f3lnej modlitwy na Twoim pogrzebie. Cz\u0119sto jest w \u017cyciu tak, \u017ce brakuje nam czasu, jeste\u015bmy zabiegani, zapominamy o celu naszej w\u0119dr\u00f3wki. Pogrzeb jest dobr\u0105 okazj\u0105, aby si\u0119 zatrzyma\u0107, popatrze\u0107 w przesz\u0142o\u015b\u0107 i z nadziej\u0105 spojrze\u0107 w przysz\u0142o\u015b\u0107. Pami\u0119tam Ciebie jako cz\u0142owieka spokojnego, kt\u00f3ry \u015blepo nie \u015bpieszy\u0142 si\u0119, [&hellip;]<\/p>\n","protected":false},"author":1,"featured_media":0,"comment_status":"open","ping_status":"closed","sticky":false,"template":"","format":"standard","meta":{"ngg_post_thumbnail":0},"categories":[1],"tags":[],"_links":{"self":[{"href":"https:\/\/umacieja.net\/blog\/index.php?rest_route=\/wp\/v2\/posts\/3696"}],"collection":[{"href":"https:\/\/umacieja.net\/blog\/index.php?rest_route=\/wp\/v2\/posts"}],"about":[{"href":"https:\/\/umacieja.net\/blog\/index.php?rest_route=\/wp\/v2\/types\/post"}],"author":[{"embeddable":true,"href":"https:\/\/umacieja.net\/blog\/index.php?rest_route=\/wp\/v2\/users\/1"}],"replies":[{"embeddable":true,"href":"https:\/\/umacieja.net\/blog\/index.php?rest_route=%2Fwp%2Fv2%2Fcomments&post=3696"}],"version-history":[{"count":0,"href":"https:\/\/umacieja.net\/blog\/index.php?rest_route=\/wp\/v2\/posts\/3696\/revisions"}],"wp:attachment":[{"href":"https:\/\/umacieja.net\/blog\/index.php?rest_route=%2Fwp%2Fv2%2Fmedia&parent=3696"}],"wp:term":[{"taxonomy":"category","embeddable":true,"href":"https:\/\/umacieja.net\/blog\/index.php?rest_route=%2Fwp%2Fv2%2Fcategories&post=3696"},{"taxonomy":"post_tag","embeddable":true,"href":"https:\/\/umacieja.net\/blog\/index.php?rest_route=%2Fwp%2Fv2%2Ftags&post=3696"}],"curies":[{"name":"wp","href":"https:\/\/api.w.org\/{rel}","templated":true}]}}