{"id":3687,"date":"2016-10-03T11:14:02","date_gmt":"2016-10-03T09:14:02","guid":{"rendered":"http:\/\/www.umacieja.net\/blog\/?p=3687"},"modified":"2016-10-03T11:14:40","modified_gmt":"2016-10-03T09:14:40","slug":"najpierw-trzeba-podziekowac-maryi-1","status":"publish","type":"post","link":"https:\/\/umacieja.net\/blog\/?p=3687","title":{"rendered":"Najpierw trzeba podzi\u0119kowa\u0107 Maryi (1)"},"content":{"rendered":"<p style=\"text-align: justify;\"><a href=\"http:\/\/www.umacieja.net\/blog\/wp-content\/uploads\/2016\/10\/Tatry_2016_006.jpg\"><img decoding=\"async\" loading=\"lazy\" class=\"aligncenter  wp-image-3688\" src=\"http:\/\/www.umacieja.net\/blog\/wp-content\/uploads\/2016\/10\/Tatry_2016_006.jpg\" alt=\"SONY DSC\" width=\"531\" height=\"352\" srcset=\"https:\/\/umacieja.net\/blog\/wp-content\/uploads\/2016\/10\/Tatry_2016_006.jpg 600w, https:\/\/umacieja.net\/blog\/wp-content\/uploads\/2016\/10\/Tatry_2016_006-300x199.jpg 300w\" sizes=\"(max-width: 531px) 100vw, 531px\" \/><\/a><\/p>\n<p style=\"text-align: justify;\">Wrzesie\u0144 rozpoczyna pi\u0119kny czas jesienny. Spadaj\u0105ce kasztany z hukiem stukaj\u0105 o chodnik przy ko\u015bciele. Li\u015bcie leniwie opadaj\u0105 na ziemi\u0119. W sadzie dojrza\u0142e owoce ju\u017c zebrane. Zosta\u0142y tylko zimowe jab\u0142ka na drzewach. \u00a0Wydaje mi si\u0119, \u017ce czas tak bardzo przyspieszy\u0142. Ostatni wpis pod moj\u0105 strzech\u0105 pochodzi z 17 sierpnia. Dzi\u0119kuj\u0119 za g\u0142osy, kt\u00f3re wo\u0142a\u0142y o kolejne wpisy. Postanawiam popraw\u0119. Wiele spraw zwi\u0105zanych z przeprowadzk\u0105, remontami i uczeniem si\u0119 nowej parafii mnie poch\u0142on\u0119\u0142o, \u017ce i czasu brakowa\u0142o.<\/p>\n<p style=\"text-align: justify;\">W tym roku do\u015bwiadczali\u015bmy wiele dobra, \u017ce trzeba koniecznie podzi\u0119kowa\u0107 za nie. Zaprosi\u0142em parafian na wypraw\u0119 w Tatry, na Jasn\u0105 G\u00f3r\u0119 i do Krakowa. Szybko odpowiedzieli pozytywnie na to zaproszenie. W ci\u0105gu dw\u00f3ch tygodni uzbiera\u0142a si\u0119 grupa na \u00a050 &#8211; osobowy autokar .<\/p>\n<p style=\"text-align: justify;\">W pierwszy dzie\u0144 udali\u015bmy si\u0119 do Matki Boskiej Jasnog\u00f3rskiej. Nad ranem za\u015bpiewali\u015bmy Godzinki, p\u00f3\u017aniej Msza \u015bwi\u0119ta u st\u00f3p Czarnej Madonny. Niekt\u00f3rzy byli pierwszy raz tak blisko Cudownego Obrazu. Przyjechali\u015bmy podzi\u0119kowa\u0107 za Jej kwietniow\u0105 obecno\u015b\u0107 w naszej rodzinie parafialnej. Prosi\u0107 o umocnienie w tych dobrych postanowieniach z <a href=\"http:\/\/plock.gosc.pl\/doc\/3114169.Przyrzekamy-Ci-wiernosc-Strzygi\">Doby Nawiedzenia<\/a>.<\/p>\n<p style=\"text-align: justify;\"><a href=\"http:\/\/www.umacieja.net\/blog\/wp-content\/uploads\/2016\/10\/Tatry_2016_009.jpg\"><img decoding=\"async\" loading=\"lazy\" class=\"aligncenter  wp-image-3689\" src=\"http:\/\/www.umacieja.net\/blog\/wp-content\/uploads\/2016\/10\/Tatry_2016_009.jpg\" alt=\"SONY DSC\" width=\"627\" height=\"416\" srcset=\"https:\/\/umacieja.net\/blog\/wp-content\/uploads\/2016\/10\/Tatry_2016_009.jpg 600w, https:\/\/umacieja.net\/blog\/wp-content\/uploads\/2016\/10\/Tatry_2016_009-300x199.jpg 300w\" sizes=\"(max-width: 627px) 100vw, 627px\" \/><\/a><\/p>\n<p style=\"text-align: justify;\">Na Jasnej G\u00f3rze spotkali\u015bmy \u00a0wystaw\u0119 z Uroczysto\u015bci Milenijnych sprzed 50 lat, m.in. z P\u0142ocka. Dzi\u0119kujemy naszym Przodkom id\u0105cym wtedy w przysz\u0142o\u015b\u0107 za dar wiary, kt\u00f3ry nam przekazali.<\/p>\n<p style=\"text-align: justify;\"><strong>&#8222;Potrzebujemy Ciebie, Maryjo, aby\u015bmy nie zatracili wiary, kt\u00f3r\u0105 nam przekazano.<\/strong> Potrzebujemy Twojej lekcji Nazaretu ws\u0142uchania si\u0119 w s\u0142owo Bo\u017ce bardziej ni\u017c w ludzkie. Potrzebujemy Twego: &#8222;Fiat&#8221; i zaufania Bogu do ko\u0144ca&#8221; &#8211; m\u00f3wi\u0142 ks. kan. Zdzis\u0142aw Bartosik, witaj\u0105c ikon\u0119 jasnog\u00f3rsk\u0105 w parafii.<\/p>\n<p style=\"text-align: justify;\">W ten pa\u017adziernikowy czas zapraszam do odmawiania r\u00f3\u017ca\u0144ca w \u015bwi\u0105tyniach i domach rodzinnych. Wtedy nie zatracimy wiary i nauczymy si\u0119 mi\u0142o\u015bci r\u00f3\u017ca\u0144cowej, kt\u00f3ra jest cierpliwa, \u0142askawa, bez poklasku i pokorna.<\/p>\n","protected":false},"excerpt":{"rendered":"<p>Wrzesie\u0144 rozpoczyna pi\u0119kny czas jesienny. Spadaj\u0105ce kasztany z hukiem stukaj\u0105 o chodnik przy ko\u015bciele. Li\u015bcie leniwie opadaj\u0105 na ziemi\u0119. W sadzie dojrza\u0142e owoce ju\u017c zebrane. Zosta\u0142y tylko zimowe jab\u0142ka na drzewach. \u00a0Wydaje mi si\u0119, \u017ce czas tak bardzo przyspieszy\u0142. Ostatni wpis pod moj\u0105 strzech\u0105 pochodzi z 17 sierpnia. Dzi\u0119kuj\u0119 za g\u0142osy, kt\u00f3re wo\u0142a\u0142y o kolejne [&hellip;]<\/p>\n","protected":false},"author":1,"featured_media":0,"comment_status":"open","ping_status":"closed","sticky":false,"template":"","format":"standard","meta":{"ngg_post_thumbnail":0},"categories":[1],"tags":[],"_links":{"self":[{"href":"https:\/\/umacieja.net\/blog\/index.php?rest_route=\/wp\/v2\/posts\/3687"}],"collection":[{"href":"https:\/\/umacieja.net\/blog\/index.php?rest_route=\/wp\/v2\/posts"}],"about":[{"href":"https:\/\/umacieja.net\/blog\/index.php?rest_route=\/wp\/v2\/types\/post"}],"author":[{"embeddable":true,"href":"https:\/\/umacieja.net\/blog\/index.php?rest_route=\/wp\/v2\/users\/1"}],"replies":[{"embeddable":true,"href":"https:\/\/umacieja.net\/blog\/index.php?rest_route=%2Fwp%2Fv2%2Fcomments&post=3687"}],"version-history":[{"count":0,"href":"https:\/\/umacieja.net\/blog\/index.php?rest_route=\/wp\/v2\/posts\/3687\/revisions"}],"wp:attachment":[{"href":"https:\/\/umacieja.net\/blog\/index.php?rest_route=%2Fwp%2Fv2%2Fmedia&parent=3687"}],"wp:term":[{"taxonomy":"category","embeddable":true,"href":"https:\/\/umacieja.net\/blog\/index.php?rest_route=%2Fwp%2Fv2%2Fcategories&post=3687"},{"taxonomy":"post_tag","embeddable":true,"href":"https:\/\/umacieja.net\/blog\/index.php?rest_route=%2Fwp%2Fv2%2Ftags&post=3687"}],"curies":[{"name":"wp","href":"https:\/\/api.w.org\/{rel}","templated":true}]}}