{"id":3661,"date":"2016-08-12T22:05:33","date_gmt":"2016-08-12T20:05:33","guid":{"rendered":"http:\/\/www.umacieja.net\/blog\/?p=3661"},"modified":"2016-08-13T06:51:11","modified_gmt":"2016-08-13T04:51:11","slug":"dzisiaj-tu-jutro-tam","status":"publish","type":"post","link":"https:\/\/umacieja.net\/blog\/?p=3661","title":{"rendered":"Dzisiaj tu, jutro tam"},"content":{"rendered":"<p style=\"text-align: justify;\"><a href=\"http:\/\/www.umacieja.net\/blog\/wp-content\/uploads\/2016\/08\/Ko\u015bci\u00f3\u0142_w_Dulsku_063.jpg\"><img decoding=\"async\" loading=\"lazy\" class=\"aligncenter  wp-image-3662\" src=\"http:\/\/www.umacieja.net\/blog\/wp-content\/uploads\/2016\/08\/Ko\u015bci\u00f3\u0142_w_Dulsku_063.jpg\" alt=\"SONY DSC\" width=\"522\" height=\"346\" srcset=\"https:\/\/umacieja.net\/blog\/wp-content\/uploads\/2016\/08\/Ko\u015bci\u00f3\u0142_w_Dulsku_063.jpg 600w, https:\/\/umacieja.net\/blog\/wp-content\/uploads\/2016\/08\/Ko\u015bci\u00f3\u0142_w_Dulsku_063-300x199.jpg 300w\" sizes=\"(max-width: 522px) 100vw, 522px\" \/><\/a><\/p>\n<p style=\"text-align: justify;\">W li\u015bcie powitalnym w ka\u017cdym roku\u00a0 kap\u0142a\u0144stwa \u017cyczono mi Bo\u017cego b\u0142ogos\u0142awie\u0144stwa i zdrowia \u2013 by\u0142o tych lat 7 w Dulsku.<\/p>\n<p style=\"text-align: justify;\">Umie\u0107 i\u015b\u0107 i odej\u015b\u0107, dopok\u0105d mnie Panie po\u015blesz. 7 lat temu i 2 miesi\u0105ce nawet nie wiedzia\u0142em gdzie jest Dulsk i \u017ce b\u0119d\u0119 tu pos\u0142any jako proboszcz. Dzisiaj ju\u017c wiem. I to dobrze wiem\u2026 7 lat to najwi\u0119cej ze wszystkich parafii, w kt\u00f3rych pracowa\u0142em. Jedn\u0105 z cech powo\u0142ania ka\u017cdego ksi\u0119dza jest w\u0119dr\u00f3wka i gotowo\u015b\u0107 na ni\u0105. Us\u0142uchanie wezwania Bo\u017cego. Takie nasze pielgrzymowanie. Tak jak w dzisiejszej liturgii s\u0142owa, kt\u00f3ra sprawdza si\u0119 w moim \u017cyciu po raz kolejny!<br \/>\n&#8222;Przez wiar\u0119 ten, kt\u00f3rego nazwano Abrahamem, us\u0142ucha\u0142 wezwania Bo\u017cego, by wyruszy\u0107 do ziemi, kt\u00f3r\u0105 mia\u0142 obj\u0105\u0107 w posiadanie. Wyszed\u0142 nie wiedz\u0105c, dok\u0105d idzie. Przez wiar\u0119 przyw\u0119drowa\u0142 do Ziemi Obiecanej jako ziemi obcej, pod namiotami mieszkaj\u0105c z Izaakiem i Jakubem, wsp\u00f3\u0142dziedzicami tej samej obietnicy. Oczekiwa\u0142 bowiem miasta zbudowanego na silnych fundamentach, kt\u00f3rego architektem i budowniczym jest sam B\u00f3g.\u201d<\/p>\n<p style=\"text-align: justify;\">Z Ewangelii dzisiejszej: \u201eBo gdzie jest skarb wasz, tam b\u0119dzie i serce wasze.\u201d A gdzie jest Twoje serce&#8230;?<br \/>\n\u201dNiech b\u0119d\u0105 przepasane biodra wasze i zapalone pochodnie. A wy podobni do ludzi, oczekuj\u0105cych swego pana, kiedy z uczty weselnej powr\u00f3ci; Czujno\u015b\u0107 jest wyrazem roztropno\u015bci. Pozwala odpowiednio przygotowa\u0107 si\u0119 na rzeczy zar\u00f3wno dobre, jak i z\u0142e. Przepasane biodra i zapalone pochodnie s\u0105 oznak\u0105 s\u0142u\u017cby siostrom i braciom \u2013 powo\u0142ania do mi\u0142o\u015bci.<\/p>\n<p style=\"text-align: justify;\">Za m\u0105drym Kocheletem mo\u017cna powt\u00f3rzy\u0107 s\u0142owa: <em>Wszystko ma sw\u00f3j czas, i jest wyznaczona godzina na wszystkie sprawy pod niebem: Jest czas rodzenia i czas umierania, czas sadzenia i czas wyrywania tego, co zasadzono, czas burzenia i czas budowania, czas p\u0142aczu i czas \u015bmiechu, czas zawodzenia i czas pl\u0105s\u00f3w, czas rzucania kamieni i czas ich zbierania, czas szukania i czas tracenia, czas milczenia i czas m\u00f3wienia, czas przychodzenia na parafi\u0119 i odchodzenia z niej\u2026 C\u00f3\u017c przyjdzie pracuj\u0105cemu z trudu, jaki sobie zadaje? <\/em><\/p>\n<p style=\"text-align: justify;\">Napisa\u0142em niedawno o propozycji Franciszka: \u201eZmie\u0144cie kanap\u0119 na buty wyczynowe\u201d. Dla mnie tak\u0105 zmian\u0105 kanapy na buty wyczynowe jest przej\u015bcie do nowej Parafii. Ksi\u0119dzu nie mo\u017ce by\u0107 za dobrze ! Nie mo\u017cna za bardzo przyzwyczaja\u0107 do kanapy! Nie jest przyjemno\u015bci\u0105 przeprowadzka, wchodzenie w nowe buty wyczynowe, remonty i wiele r\u00f3\u017cnych niespodzianek, nowi ludzie, nowe zaskakuj\u0105ce sytuacje, nowe wyzwania, niespodziewane miny\u2026<\/p>\n<p style=\"text-align: justify;\">M\u0142odzi ludzie cz\u0119sto pytaj\u0105 papie\u017ca o to, jak szcz\u0119\u015bliwie \u017cy\u0107 w rodzinach. Chcia\u0142bym zaproponowa\u0107 im trzy postawy, trzy s\u0142owa. To trzy s\u0142owa, kt\u00f3re mog\u0105 wam pom\u00f3c, aby prze\u017cy\u0107 \u017cycie ma\u0142\u017ce\u0144skie, w kt\u00f3rym wyst\u0119puj\u0105 trudno\u015bci. Te trzy s\u0142owa to: <strong>prosz\u0119, przepraszam i dzi\u0119kuj\u0119<\/strong> \u2013 m\u00f3wi\u0142 papie\u017c Franciszek z papieskiego okna do wiernych zgromadzonych z okazji \u015aDM 2016.<\/p>\n<p style=\"text-align: justify;\">I ja pragn\u0119 moich drogich Parafian: prosi\u0107, przeprosi\u0107 i podzi\u0119kowa\u0107.<\/p>\n<p style=\"text-align: justify;\">1.\u00a0\u00a0\u00a0\u00a0\u00a0 Prosi\u0107 o modlitw\u0119 w mojej intencji. O dobr\u0105 pami\u0119\u0107 w waszych sercach, pomoc w przeprowadzce, o dobre przyj\u0119cie mojego nast\u0119pcy. A zw\u0142aszcza o to, aby\u015bcie nie tracili wiary, \u017cyli ni\u0105 i pog\u0142\u0119biali. Aby\u015bcie kochali si\u0119 bardziej ni\u017c 7 lat temu. Prosz\u0119, aby\u015bcie nie opuszczali niedzielnej Eucharystii i codziennej modlitwy.<\/p>\n<p style=\"text-align: justify;\">2.\u00a0\u00a0\u00a0\u00a0\u00a0 Przepraszam za wszelkie moje\u00a0 z\u0142e czyny, s\u0142owa i my\u015bli. Za to, \u017ce kogo\u015b urazi\u0142em, \u017ale pomy\u015bla\u0142em, za ma\u0142o si\u0119 modli\u0142em, \u017ce nie by\u0142em do ko\u0144ca jak Pan Jezus! Cz\u0142owiekiem jestem tylko, nie anio\u0142em\u2026<\/p>\n<p style=\"text-align: justify;\">3.\u00a0\u00a0\u00a0\u00a0\u00a0 Dzi\u0119kuj\u0119 za wszystko, czego tu do\u015bwiadczy\u0142em z Wami i u Was. Za wsp\u00f3lne Msze \u015bw. na kt\u00f3rych lubili\u015bcie si\u0119 spotyka\u0107\u00a0 z Jezusem ale te\u017c i sob\u0105 w k\u00f3\u0142eczkach po modlitwie.<\/p>\n<p style=\"text-align: justify;\">&#8211; za pomoc przy r\u00f3\u017cnych i wielu pracach przy ko\u015bciele, plebanii, cmentarzu. To Wasze dobro, kt\u00f3rego nie zabieram. Ono tu zostanie i b\u0119dzie \u015bwiadczy\u0107 o Was.<\/p>\n<p style=\"text-align: justify;\">&#8211; za wsp\u00f3lne podr\u00f3\u017ce: wycieczki i pielgrzymki, rajdy rowerowe, sp\u0142ywy kajakowe i inne.<\/p>\n<p style=\"text-align: justify;\">&#8211; za Wasz\u0105 go\u015bcinno\u015b\u0107 (zw\u0142aszcza na kol\u0119dzie!) i przy kapliczkach<\/p>\n<p style=\"text-align: justify;\">&#8211; za dzielenie si\u0119 chlebem, pysznymi wyrobami mi\u0119snymi, jajami i ka\u017cdym dobrem<\/p>\n<p style=\"text-align: justify;\">&#8211; pozw\u00f3lcie, \u017ce s\u0142owo wdzi\u0119czno\u015bci skieruj\u0119 do moich najbli\u017cszych, kt\u00f3rym cz\u0119sto tym moim w\u0119drowaniem psuj\u0119 plany \u017cyciowe\u2026 Dzi\u0119kuj\u0119 mojej Mamie, kt\u00f3ra nie musia\u0142a, ale chcia\u0142a pomaga\u0107 mi na plebanii. Dobrze si\u0119 tu czu\u0142a, ale si\u0142y i zdrowie ju\u017c nie pozwala\u0142y uk\u0142ada\u0107 \u015bwiata i porz\u0105dku po swojemu, np.: <em>(po mojemu to nie jest zrobione dobrze\u2026)<\/em><\/p>\n<p style=\"text-align: justify;\">Mojej Siostrze Joli za pomoc na ka\u017cde wezwanie (\u015bwietnie gotuje) i niezniszczalnemu budowla\u0144cowi szwagrowi Mirkowi oraz siostrze\u0144com: chrze\u015bniakowi Tomkowi i Arturowi. Dzi\u0119kuj\u0119, \u017ce zawsze mog\u0119 liczy\u0107 na Wasz\u0105 pomoc i wsparcie.<\/p>\n<p style=\"text-align: justify;\">&#8211; Dzi\u0119kuj\u0119 Panu W\u00f3jtowi Gminy Radomin, Przewodnicz\u0105cemu Rady i Radnym za, Dyrekcjom i Nauczycielom Szk\u00f3\u0142 (Zespo\u0142u Szk\u00f3\u0142 w Radominie, filia w Dulsku Niepublicznej Szkole Podstawowej w Soko\u0142owie) za dobr\u0105 wsp\u00f3\u0142prac\u0119, Iskrze Dulsk za podj\u0119t\u0105 wsp\u00f3\u0142prac\u0119, szczeg\u00f3lnie p.Jackowi za treningi z naszymi ministrantami<\/p>\n<p style=\"text-align: justify;\">&#8211; Dzi\u0119kuj\u0119 Paniom: EM i RZ za przygotowanie i rozliczanie projekt\u00f3w na renowacje naszych zabytk\u00f3w oraz dzia\u0142alno\u015b\u0107 kulturalno &#8211; spo\u0142eczn\u0105 w parafii.<\/p>\n<p style=\"text-align: justify;\">&#8211; Organi\u015bcie p. Zbyszkowi, ko\u015bcielnemu Patrykowi i Bartkowi, p. Basi, SPDiO, radnym z Rady Parafialnej, ministrantom, lektorom, asy\u015bcie i wszystkim dobrym kobietom i m\u0119\u017cczyznom!<\/p>\n<p style=\"text-align: justify;\">&#8222;Zosta\u0144ta\u00a0 z Bogiem, kochane ludziska!&#8221; (Ch\u0142opi , W. Reymont)<\/p>\n<p style=\"text-align: justify;\">\n","protected":false},"excerpt":{"rendered":"<p>W li\u015bcie powitalnym w ka\u017cdym roku\u00a0 kap\u0142a\u0144stwa \u017cyczono mi Bo\u017cego b\u0142ogos\u0142awie\u0144stwa i zdrowia \u2013 by\u0142o tych lat 7 w Dulsku. Umie\u0107 i\u015b\u0107 i odej\u015b\u0107, dopok\u0105d mnie Panie po\u015blesz. 7 lat temu i 2 miesi\u0105ce nawet nie wiedzia\u0142em gdzie jest Dulsk i \u017ce b\u0119d\u0119 tu pos\u0142any jako proboszcz. Dzisiaj ju\u017c wiem. I to dobrze wiem\u2026 7 [&hellip;]<\/p>\n","protected":false},"author":1,"featured_media":0,"comment_status":"open","ping_status":"closed","sticky":false,"template":"","format":"standard","meta":{"ngg_post_thumbnail":0},"categories":[1],"tags":[],"_links":{"self":[{"href":"https:\/\/umacieja.net\/blog\/index.php?rest_route=\/wp\/v2\/posts\/3661"}],"collection":[{"href":"https:\/\/umacieja.net\/blog\/index.php?rest_route=\/wp\/v2\/posts"}],"about":[{"href":"https:\/\/umacieja.net\/blog\/index.php?rest_route=\/wp\/v2\/types\/post"}],"author":[{"embeddable":true,"href":"https:\/\/umacieja.net\/blog\/index.php?rest_route=\/wp\/v2\/users\/1"}],"replies":[{"embeddable":true,"href":"https:\/\/umacieja.net\/blog\/index.php?rest_route=%2Fwp%2Fv2%2Fcomments&post=3661"}],"version-history":[{"count":0,"href":"https:\/\/umacieja.net\/blog\/index.php?rest_route=\/wp\/v2\/posts\/3661\/revisions"}],"wp:attachment":[{"href":"https:\/\/umacieja.net\/blog\/index.php?rest_route=%2Fwp%2Fv2%2Fmedia&parent=3661"}],"wp:term":[{"taxonomy":"category","embeddable":true,"href":"https:\/\/umacieja.net\/blog\/index.php?rest_route=%2Fwp%2Fv2%2Fcategories&post=3661"},{"taxonomy":"post_tag","embeddable":true,"href":"https:\/\/umacieja.net\/blog\/index.php?rest_route=%2Fwp%2Fv2%2Ftags&post=3661"}],"curies":[{"name":"wp","href":"https:\/\/api.w.org\/{rel}","templated":true}]}}