{"id":3656,"date":"2016-08-01T07:37:05","date_gmt":"2016-08-01T05:37:05","guid":{"rendered":"http:\/\/www.umacieja.net\/blog\/?p=3656"},"modified":"2016-08-01T07:45:56","modified_gmt":"2016-08-01T05:45:56","slug":"kanapowa-opowiesc","status":"publish","type":"post","link":"https:\/\/umacieja.net\/blog\/?p=3656","title":{"rendered":"Kanapowa opowie\u015b\u0107"},"content":{"rendered":"<p><a href=\"http:\/\/www.umacieja.net\/blog\/wp-content\/uploads\/2016\/08\/13686717_10207450241109306_697208725737123467_n.jpg\"><img decoding=\"async\" loading=\"lazy\" class=\"aligncenter  wp-image-3657\" src=\"http:\/\/www.umacieja.net\/blog\/wp-content\/uploads\/2016\/08\/13686717_10207450241109306_697208725737123467_n.jpg\" alt=\"13686717_10207450241109306_697208725737123467_n\" width=\"584\" height=\"438\" srcset=\"https:\/\/umacieja.net\/blog\/wp-content\/uploads\/2016\/08\/13686717_10207450241109306_697208725737123467_n.jpg 960w, https:\/\/umacieja.net\/blog\/wp-content\/uploads\/2016\/08\/13686717_10207450241109306_697208725737123467_n-300x225.jpg 300w\" sizes=\"(max-width: 584px) 100vw, 584px\" \/><\/a><\/p>\n<p style=\"text-align: justify;\">Mem ten pochodzi z FB ks. Andrzeja Panasiuka. Celnie oddaje przes\u0142anie Franciszka z \u015aDM w Krakowie. Obserwuj\u0105c \u017cycie wielu m\u0142odych, ale i starszych, mo\u017cna zauwa\u017cy\u0107 kanapowy styl \u017cycia. Zw\u0142aszcza, gdy przychodzi tzw. \u015bwi\u0119ty weekend; pi\u0105teczek zapowiada spotkanie z kanap\u0105 w sobot\u0119 i w niedziel\u0119. A buty wyczynowe czekaj\u0105 gdzie\u015b zakurzone i zapomniane.<\/p>\n<p style=\"text-align: justify;\">Franciszek m\u00f3wi\u0142: <em>&#8222;Jest te\u017c w \u017cyciu inny parali\u017c, jeszcze bardziej niebezpieczny i cz\u0119sto trudny do rozpoznania, a jego uznanie sporo nas mo\u017ce kosztowa\u0107. Lubi\u0119 nazywa\u0107 go parali\u017cem rodz\u0105cym si\u0119 w\u00f3wczas, gdy mylimy szcz\u0119\u015bcie z kanap\u0105! Tak, s\u0105dzimy, \u017ce aby by\u0107 szcz\u0119\u015bliwi, potrzebujemy dobrej kanapy. Kanapy, kt\u00f3ra pomo\u017ce nam \u017cy\u0107 wygodnie, spokojnie, ca\u0142kiem bezpiecznie. Kanapa \u2013 jak te, kt\u00f3re s\u0105 teraz, nowoczesna, \u0142\u0105cznie z masa\u017cami usypiaj\u0105cymi \u2013 kt\u00f3re gwarantuj\u0105 godziny spokoju, \u017ceby nas przenie\u015b\u0107 w \u015bwiat gier wideo i sp\u0119dzania wielu godzin przed komputerem. Kanapa na wszelkie typy b\u00f3lu i strachu. Taka kanapa sprawiaj\u0105ca, \u017ce zostajemy zamkni\u0119ci w domu, nie trudz\u0105c si\u0119 ani te\u017c nie martwi\u0105c. 'Kanapa-szcz\u0119\u015bcie&#8217; jest to prawdopodobnie taki cichy parali\u017c, kt\u00f3ry mo\u017ce nas zniszczy\u0107 najbardziej, a najbardziej m\u0142odych. Bo po trochu, nie zdaj\u0105c sobie nawet z tego sprawy, stajemy si\u0119 ospali, og\u0142upiali, otumanieni.&#8221;<\/em><\/p>\n<p style=\"text-align: justify;\">\u00a0Mo\u017ce w\u0142a\u015bnie czas po\u017cegna\u0107 si\u0119 z kanap\u0105? Odnale\u017a\u0107 &#8222;buty wyczynowe&#8221;, odkurzy\u0107 je, za\u0142o\u017cy\u0107 i p\u00f3j\u015b\u0107 na niedzieln\u0105 Eucharysti\u0119. Zajrze\u0107 do s\u0105siada, bo \u015bcie\u017cki ju\u017c zaros\u0142y. Rozpocz\u0105\u0142 si\u0119 sierpie\u0144. Warto wi\u0119c w\u0142o\u017cy\u0107 buty i uda\u0107 si\u0119 na pielgrzymk\u0119. A we wrze\u015bniu zapraszam na w\u0119drowanie po Tatrach.<\/p>\n<p style=\"text-align: justify;\">Pe\u0142ny <a href=\"http:\/\/www.rp.pl\/Swiatowe-Dni-Mlodziezy\/160739945-SDM-Przemowienie-papieza-Franciszka-podczas-wieczornego-czuwania-modlitewnego-w-Brzegach.html#ap-2\">tekst przem\u00f3wienia Franciszka z sobotniego czuwania z m\u0142odzie\u017c\u0105<\/a><\/p>\n","protected":false},"excerpt":{"rendered":"<p>Mem ten pochodzi z FB ks. Andrzeja Panasiuka. Celnie oddaje przes\u0142anie Franciszka z \u015aDM w Krakowie. Obserwuj\u0105c \u017cycie wielu m\u0142odych, ale i starszych, mo\u017cna zauwa\u017cy\u0107 kanapowy styl \u017cycia. Zw\u0142aszcza, gdy przychodzi tzw. \u015bwi\u0119ty weekend; pi\u0105teczek zapowiada spotkanie z kanap\u0105 w sobot\u0119 i w niedziel\u0119. A buty wyczynowe czekaj\u0105 gdzie\u015b zakurzone i zapomniane. Franciszek m\u00f3wi\u0142: &#8222;Jest [&hellip;]<\/p>\n","protected":false},"author":1,"featured_media":0,"comment_status":"open","ping_status":"closed","sticky":false,"template":"","format":"standard","meta":{"ngg_post_thumbnail":0},"categories":[1],"tags":[],"_links":{"self":[{"href":"https:\/\/umacieja.net\/blog\/index.php?rest_route=\/wp\/v2\/posts\/3656"}],"collection":[{"href":"https:\/\/umacieja.net\/blog\/index.php?rest_route=\/wp\/v2\/posts"}],"about":[{"href":"https:\/\/umacieja.net\/blog\/index.php?rest_route=\/wp\/v2\/types\/post"}],"author":[{"embeddable":true,"href":"https:\/\/umacieja.net\/blog\/index.php?rest_route=\/wp\/v2\/users\/1"}],"replies":[{"embeddable":true,"href":"https:\/\/umacieja.net\/blog\/index.php?rest_route=%2Fwp%2Fv2%2Fcomments&post=3656"}],"version-history":[{"count":0,"href":"https:\/\/umacieja.net\/blog\/index.php?rest_route=\/wp\/v2\/posts\/3656\/revisions"}],"wp:attachment":[{"href":"https:\/\/umacieja.net\/blog\/index.php?rest_route=%2Fwp%2Fv2%2Fmedia&parent=3656"}],"wp:term":[{"taxonomy":"category","embeddable":true,"href":"https:\/\/umacieja.net\/blog\/index.php?rest_route=%2Fwp%2Fv2%2Fcategories&post=3656"},{"taxonomy":"post_tag","embeddable":true,"href":"https:\/\/umacieja.net\/blog\/index.php?rest_route=%2Fwp%2Fv2%2Ftags&post=3656"}],"curies":[{"name":"wp","href":"https:\/\/api.w.org\/{rel}","templated":true}]}}