{"id":3634,"date":"2016-07-03T18:44:04","date_gmt":"2016-07-03T16:44:04","guid":{"rendered":"http:\/\/www.umacieja.net\/blog\/?p=3634"},"modified":"2016-07-03T18:45:35","modified_gmt":"2016-07-03T16:45:35","slug":"zapisani-w-niebie","status":"publish","type":"post","link":"https:\/\/umacieja.net\/blog\/?p=3634","title":{"rendered":"Zapisani w niebie"},"content":{"rendered":"<p><a href=\"http:\/\/www.umacieja.net\/blog\/wp-content\/uploads\/2016\/07\/Tatry_2006_065.jpg\"><img decoding=\"async\" loading=\"lazy\" class=\"aligncenter  wp-image-3635\" src=\"http:\/\/www.umacieja.net\/blog\/wp-content\/uploads\/2016\/07\/Tatry_2006_065.jpg\" alt=\"Tatry_2006_065\" width=\"568\" height=\"426\" srcset=\"https:\/\/umacieja.net\/blog\/wp-content\/uploads\/2016\/07\/Tatry_2006_065.jpg 600w, https:\/\/umacieja.net\/blog\/wp-content\/uploads\/2016\/07\/Tatry_2006_065-300x225.jpg 300w\" sizes=\"(max-width: 568px) 100vw, 568px\" \/><\/a><\/p>\n<p style=\"text-align: justify;\">Z dzisiejszej Ewangelii: <em>&#8222;Wr\u00f3ci\u0142o siedemdziesi\u0119ciu dw\u00f3ch z rado\u015bci\u0105 m\u00f3wi\u0105c: \u201dPanie, przez wzgl\u0105d na Twoje imi\u0119 nawet z\u0142e duchy nam si\u0119 poddaj\u0105\u201d. Wtedy rzek\u0142 do nich: \u201dWidzia\u0142em szatana spadaj\u0105cego z nieba jak b\u0142yskawica. Oto da\u0142em wam w\u0142adz\u0119 st\u0105pania po w\u0119\u017cach i skorpionach, i po ca\u0142ej pot\u0119dze przeciwnika, a nic wam nie zaszkodzi. Jednak nie z tego si\u0119 cieszcie, \u017ce duchy si\u0119 wam poddaj\u0105, lecz <strong>cieszcie si\u0119, \u017ce wasze imiona zapisane s\u0105 w niebie\u201d<\/strong>.<\/em><\/p>\n<p style=\"text-align: justify;\">Czytaj\u0105c ten fragment Ewangelii, przysz\u0142o mi na my\u015bl pytanie: jak mo\u017cna si\u0119 zapisa\u0107 do nieba? Na dzisiejszych Mszach postawi\u0142em to otwarte pytanie moim parafianom: co zrobi\u0107, aby nasze imiona by\u0142y TAM zapisane ?<\/p>\n<p style=\"text-align: justify;\">Odpowied\u017a przysz\u0142a sama, gdy spojrza\u0142em na obecnych w \u015bwi\u0105tyni: BY\u0106 RAZEM WE WSP\u00d3LNOCIE KO\u015aCIO\u0141A! TRWA\u0106 NA MODLITWIE! CIESZY\u0106 SI\u0118 RAZEM SWOJ\u0104 OBECNO\u015aCI\u0104!<\/p>\n<p style=\"text-align: justify;\">Widz\u0119, \u017ce ci, kt\u00f3rzy wychodz\u0105 z ko\u015bcio\u0142a s\u0105 o wiele lepsi i rado\u015bniejsi od tego momentu, gdy tam wchodzili przed godzin\u0105&#8230;Nie spiesz\u0105 si\u0119 do dom\u00f3w. Lubi\u0105 tworzy\u0107 s\u0142ynne &#8222;k\u00f3\u0142eczka&#8221; przed \u015bwi\u0105tyni\u0105. To w\u0142a\u015bnie ONI zapisali swoje imiona w niebie!<\/p>\n","protected":false},"excerpt":{"rendered":"<p>Z dzisiejszej Ewangelii: &#8222;Wr\u00f3ci\u0142o siedemdziesi\u0119ciu dw\u00f3ch z rado\u015bci\u0105 m\u00f3wi\u0105c: \u201dPanie, przez wzgl\u0105d na Twoje imi\u0119 nawet z\u0142e duchy nam si\u0119 poddaj\u0105\u201d. Wtedy rzek\u0142 do nich: \u201dWidzia\u0142em szatana spadaj\u0105cego z nieba jak b\u0142yskawica. Oto da\u0142em wam w\u0142adz\u0119 st\u0105pania po w\u0119\u017cach i skorpionach, i po ca\u0142ej pot\u0119dze przeciwnika, a nic wam nie zaszkodzi. Jednak nie z tego [&hellip;]<\/p>\n","protected":false},"author":1,"featured_media":0,"comment_status":"open","ping_status":"closed","sticky":false,"template":"","format":"standard","meta":{"ngg_post_thumbnail":0},"categories":[1],"tags":[],"_links":{"self":[{"href":"https:\/\/umacieja.net\/blog\/index.php?rest_route=\/wp\/v2\/posts\/3634"}],"collection":[{"href":"https:\/\/umacieja.net\/blog\/index.php?rest_route=\/wp\/v2\/posts"}],"about":[{"href":"https:\/\/umacieja.net\/blog\/index.php?rest_route=\/wp\/v2\/types\/post"}],"author":[{"embeddable":true,"href":"https:\/\/umacieja.net\/blog\/index.php?rest_route=\/wp\/v2\/users\/1"}],"replies":[{"embeddable":true,"href":"https:\/\/umacieja.net\/blog\/index.php?rest_route=%2Fwp%2Fv2%2Fcomments&post=3634"}],"version-history":[{"count":0,"href":"https:\/\/umacieja.net\/blog\/index.php?rest_route=\/wp\/v2\/posts\/3634\/revisions"}],"wp:attachment":[{"href":"https:\/\/umacieja.net\/blog\/index.php?rest_route=%2Fwp%2Fv2%2Fmedia&parent=3634"}],"wp:term":[{"taxonomy":"category","embeddable":true,"href":"https:\/\/umacieja.net\/blog\/index.php?rest_route=%2Fwp%2Fv2%2Fcategories&post=3634"},{"taxonomy":"post_tag","embeddable":true,"href":"https:\/\/umacieja.net\/blog\/index.php?rest_route=%2Fwp%2Fv2%2Ftags&post=3634"}],"curies":[{"name":"wp","href":"https:\/\/api.w.org\/{rel}","templated":true}]}}