{"id":3631,"date":"2016-06-27T08:07:19","date_gmt":"2016-06-27T06:07:19","guid":{"rendered":"http:\/\/www.umacieja.net\/blog\/?p=3631"},"modified":"2016-07-03T18:45:59","modified_gmt":"2016-07-03T16:45:59","slug":"samotnosc-boga","status":"publish","type":"post","link":"https:\/\/umacieja.net\/blog\/?p=3631","title":{"rendered":"Samotno\u015b\u0107 Boga"},"content":{"rendered":"<p><a href=\"http:\/\/www.umacieja.net\/blog\/wp-content\/uploads\/2016\/06\/Rezurekcja_08_163.jpg\"><img decoding=\"async\" loading=\"lazy\" class=\"aligncenter  wp-image-3632\" src=\"http:\/\/www.umacieja.net\/blog\/wp-content\/uploads\/2016\/06\/Rezurekcja_08_163.jpg\" alt=\"Rezurekcja_08_163\" width=\"532\" height=\"399\" srcset=\"https:\/\/umacieja.net\/blog\/wp-content\/uploads\/2016\/06\/Rezurekcja_08_163.jpg 600w, https:\/\/umacieja.net\/blog\/wp-content\/uploads\/2016\/06\/Rezurekcja_08_163-300x225.jpg 300w\" sizes=\"(max-width: 532px) 100vw, 532px\" \/><\/a><\/p>\n<p>W czasie wielkanocnym lubi\u0119 chodzi\u0107 i \u201eodwiedza\u0107\u201d groby Pa\u0144skie w ko\u015bcio\u0142ach. Wiele m\u00f3wi\u0105. To czasem arcydzie\u0142a sztuki lokalnej narracji. Rzecz ciekawa, je\u015bli chodzi o Warszaw\u0119; kiedy\u015b czu\u0142em si\u0119 tam dwa dni po Zmartwychwstaniu jak Maria Magdalena, gdy wypowiedzia\u0142a: \u201eZabrano Pana mego i nie wiem, gdzie Go po\u0142o\u017cono\u2026?\u201d<\/p>\n<p>A na \u0142aweczce przed sklepem z dewocjonaliami le\u017ca\u0142 sobie Pan Jezus \u2013 przysypany z lekka \u015bniegiem\u2026Wydawa\u0142 si\u0119 taki wypocz\u0119ty, prze\u015bwietlony\u2026ale samotny\u2026! Pisa\u0142em kiedy\u015b o \u0142aweczce, kt\u00f3ra zaprasza do siebie\u2026 I tak oto chyba zaprosi\u0142a samego Jezusa! A Ty czemu p\u0142aczesz? I kogo szukasz?<\/p>\n<p>Dzisiaj, w XIII Niedziel\u0119 Zwyk\u0142\u0105 roku 2016, us\u0142yszeli\u015bmy s\u0142owa: \u201eLisy maj\u0105 nory i ptaki podniebne \u2013 gniazda, lecz Syn Cz\u0142owieczy nie ma miejsca, gdzie by g\u0142ow\u0119 m\u00f3g\u0142 sk\u0142oni\u0107\u201d. To zdanie jest skarg\u0105 samego Chrystusa, kt\u00f3ry do\u015bwiadcza samotno\u015bci i bezdomno\u015bci w naszym sercu i w dzisiejszym \u015bwiecie.<\/p>\n<p>Miejscem, gdzie Chrystus b\u0119dzie m\u00f3g\u0142 sk\u0142oni\u0107 g\u0142ow\u0119 i odpocz\u0105\u0107 b\u0119dzie krzy\u017c i ta \u0142aweczka na zdj\u0119ciu?<\/p>\n<p>Czy Jezus mo\u017ce swoj\u0105 g\u0142ow\u0119 sk\u0142oni\u0107 w Twoim sercu na niedzielnej Eucharystii&#8230;?<\/p>\n","protected":false},"excerpt":{"rendered":"<p>W czasie wielkanocnym lubi\u0119 chodzi\u0107 i \u201eodwiedza\u0107\u201d groby Pa\u0144skie w ko\u015bcio\u0142ach. Wiele m\u00f3wi\u0105. To czasem arcydzie\u0142a sztuki lokalnej narracji. Rzecz ciekawa, je\u015bli chodzi o Warszaw\u0119; kiedy\u015b czu\u0142em si\u0119 tam dwa dni po Zmartwychwstaniu jak Maria Magdalena, gdy wypowiedzia\u0142a: \u201eZabrano Pana mego i nie wiem, gdzie Go po\u0142o\u017cono\u2026?\u201d A na \u0142aweczce przed sklepem z dewocjonaliami le\u017ca\u0142 [&hellip;]<\/p>\n","protected":false},"author":1,"featured_media":0,"comment_status":"open","ping_status":"closed","sticky":false,"template":"","format":"standard","meta":{"ngg_post_thumbnail":0},"categories":[1],"tags":[],"_links":{"self":[{"href":"https:\/\/umacieja.net\/blog\/index.php?rest_route=\/wp\/v2\/posts\/3631"}],"collection":[{"href":"https:\/\/umacieja.net\/blog\/index.php?rest_route=\/wp\/v2\/posts"}],"about":[{"href":"https:\/\/umacieja.net\/blog\/index.php?rest_route=\/wp\/v2\/types\/post"}],"author":[{"embeddable":true,"href":"https:\/\/umacieja.net\/blog\/index.php?rest_route=\/wp\/v2\/users\/1"}],"replies":[{"embeddable":true,"href":"https:\/\/umacieja.net\/blog\/index.php?rest_route=%2Fwp%2Fv2%2Fcomments&post=3631"}],"version-history":[{"count":0,"href":"https:\/\/umacieja.net\/blog\/index.php?rest_route=\/wp\/v2\/posts\/3631\/revisions"}],"wp:attachment":[{"href":"https:\/\/umacieja.net\/blog\/index.php?rest_route=%2Fwp%2Fv2%2Fmedia&parent=3631"}],"wp:term":[{"taxonomy":"category","embeddable":true,"href":"https:\/\/umacieja.net\/blog\/index.php?rest_route=%2Fwp%2Fv2%2Fcategories&post=3631"},{"taxonomy":"post_tag","embeddable":true,"href":"https:\/\/umacieja.net\/blog\/index.php?rest_route=%2Fwp%2Fv2%2Ftags&post=3631"}],"curies":[{"name":"wp","href":"https:\/\/api.w.org\/{rel}","templated":true}]}}