{"id":3608,"date":"2016-06-15T08:04:59","date_gmt":"2016-06-15T06:04:59","guid":{"rendered":"http:\/\/www.umacieja.net\/blog\/?p=3608"},"modified":"2016-06-15T18:34:59","modified_gmt":"2016-06-15T16:34:59","slug":"passa-la-festa-gabbato-il-santo","status":"publish","type":"post","link":"https:\/\/umacieja.net\/blog\/?p=3608","title":{"rendered":"PASSATA LA FESTA, GABBATO LO SANTO"},"content":{"rendered":"<p style=\"text-align: justify;\"><a href=\"http:\/\/www.umacieja.net\/blog\/wp-content\/uploads\/2016\/06\/DSC9571.jpg\"><img decoding=\"async\" loading=\"lazy\" class=\"aligncenter  wp-image-3609\" src=\"http:\/\/www.umacieja.net\/blog\/wp-content\/uploads\/2016\/06\/DSC9571.jpg\" alt=\"_DSC9571\" width=\"541\" height=\"360\" srcset=\"https:\/\/umacieja.net\/blog\/wp-content\/uploads\/2016\/06\/DSC9571.jpg 600w, https:\/\/umacieja.net\/blog\/wp-content\/uploads\/2016\/06\/DSC9571-300x200.jpg 300w\" sizes=\"(max-width: 541px) 100vw, 541px\" \/><\/a><\/p>\n<p style=\"text-align: justify;\">Spodoba\u0142o mi si\u0119 powiedzenie, kt\u00f3rego u\u017cy\u0142 podczas homilii <a href=\"http:\/\/diecezjaplocka.pl\/dla-wiernych\/aktualnosci\/062016\/homilia-nuncjusza-apostolskiego-w-polsce-abp-celestino-milgliore-11-vi-2016\">nuncjusz Apostolski w Polsce abp. Celestino Milgliore<\/a> 11 czerwca przed katedr\u0105 w P\u0142ocku (w tytule): &#8222;\u015bwi\u0119to sko\u0144czone, \u015bwi\u0119ty wyprowadzony w pole&#8221;. Nie ucieszy\u0142em si\u0119 z tego, \u017ce \u015bwi\u0119ty zosta\u0142 wyprowadzony w pole, ale\u00a0 z prawdziwo\u015bci tego\u017c powiedzenia. Wprawdzie nie da si\u0119 \u017cy\u0107 ca\u0142y czas na szczycie, kt\u00f3ry mozolnie si\u0119 zdobywa\u0142o, bo przecie\u017c trzeba wraca\u0107 do codzienno\u015bci. Ale wspominaj\u0105c przygotowania do <a href=\"http:\/\/www.parafiadulsk.pl\/galeria\/thumbnails.php?album=228\">spotkania z Matk\u0105 w Jej Ikonie Jasnog\u00f3rskiej<\/a>, prze\u017cycia z <a href=\"https:\/\/www.youtube.com\/watch?v=ckp7XgywLiU\">Doby Nawiedzenia,<\/a> wzruszenia, \u0142zy, dobre postanowienia, nawr\u00f3cenia, to trudno zrozumie\u0107 fakt, \u017ce w wielu przypadkach mogli\u015bmy Maryj\u0119 wyprowadzi\u0107 w pole&#8230;<\/p>\n<p style=\"text-align: justify;\">To s\u0105 dzisiaj nasze pola: powr\u00f3cili\u015bmy do lenistwa duchowego, bo zn\u00f3w nie chce si\u0119 i\u015b\u0107 do ko\u015bcio\u0142a na Msz\u0119 \u015bw., Biblia dalej le\u017cy zakurzona na p\u00f3\u0142ce, nie ma czasu na pacierz (zw\u0142aszcza w gronie rodzinnym), bo wiecznie gdzie\u015b spieszymy si\u0119, pok\u0142\u00f3cili\u015bmy si\u0119 z najbli\u017cszymi o maj\u0105tek, zn\u00f3w kogo\u015b nies\u0142usznie os\u0105dzili\u015bmy, przysz\u0142y plotki i obmowy, brak serca.<\/p>\n<p style=\"text-align: justify;\">Maryjo wracaj z tych naszych p\u00f3l do nas!<\/p>\n","protected":false},"excerpt":{"rendered":"<p>Spodoba\u0142o mi si\u0119 powiedzenie, kt\u00f3rego u\u017cy\u0142 podczas homilii nuncjusz Apostolski w Polsce abp. Celestino Milgliore 11 czerwca przed katedr\u0105 w P\u0142ocku (w tytule): &#8222;\u015bwi\u0119to sko\u0144czone, \u015bwi\u0119ty wyprowadzony w pole&#8221;. Nie ucieszy\u0142em si\u0119 z tego, \u017ce \u015bwi\u0119ty zosta\u0142 wyprowadzony w pole, ale\u00a0 z prawdziwo\u015bci tego\u017c powiedzenia. Wprawdzie nie da si\u0119 \u017cy\u0107 ca\u0142y czas na szczycie, kt\u00f3ry [&hellip;]<\/p>\n","protected":false},"author":1,"featured_media":0,"comment_status":"open","ping_status":"closed","sticky":false,"template":"","format":"standard","meta":{"ngg_post_thumbnail":0},"categories":[1],"tags":[],"_links":{"self":[{"href":"https:\/\/umacieja.net\/blog\/index.php?rest_route=\/wp\/v2\/posts\/3608"}],"collection":[{"href":"https:\/\/umacieja.net\/blog\/index.php?rest_route=\/wp\/v2\/posts"}],"about":[{"href":"https:\/\/umacieja.net\/blog\/index.php?rest_route=\/wp\/v2\/types\/post"}],"author":[{"embeddable":true,"href":"https:\/\/umacieja.net\/blog\/index.php?rest_route=\/wp\/v2\/users\/1"}],"replies":[{"embeddable":true,"href":"https:\/\/umacieja.net\/blog\/index.php?rest_route=%2Fwp%2Fv2%2Fcomments&post=3608"}],"version-history":[{"count":0,"href":"https:\/\/umacieja.net\/blog\/index.php?rest_route=\/wp\/v2\/posts\/3608\/revisions"}],"wp:attachment":[{"href":"https:\/\/umacieja.net\/blog\/index.php?rest_route=%2Fwp%2Fv2%2Fmedia&parent=3608"}],"wp:term":[{"taxonomy":"category","embeddable":true,"href":"https:\/\/umacieja.net\/blog\/index.php?rest_route=%2Fwp%2Fv2%2Fcategories&post=3608"},{"taxonomy":"post_tag","embeddable":true,"href":"https:\/\/umacieja.net\/blog\/index.php?rest_route=%2Fwp%2Fv2%2Ftags&post=3608"}],"curies":[{"name":"wp","href":"https:\/\/api.w.org\/{rel}","templated":true}]}}