{"id":3603,"date":"2016-05-26T19:13:07","date_gmt":"2016-05-26T17:13:07","guid":{"rendered":"http:\/\/www.umacieja.net\/blog\/?p=3603"},"modified":"2016-05-26T19:13:37","modified_gmt":"2016-05-26T17:13:37","slug":"uwielbiam-boze-cialo-bo-to-male-niebo","status":"publish","type":"post","link":"https:\/\/umacieja.net\/blog\/?p=3603","title":{"rendered":"Uwielbiam Bo\u017ce Cia\u0142o, bo to ma\u0142e niebo"},"content":{"rendered":"<p style=\"text-align: center;\"><a href=\"http:\/\/www.umacieja.net\/blog\/wp-content\/uploads\/2016\/05\/Bo\u017ce_Cia\u0142o_2016_026.jpg\"><img decoding=\"async\" loading=\"lazy\" class=\"aligncenter  wp-image-3604\" src=\"http:\/\/www.umacieja.net\/blog\/wp-content\/uploads\/2016\/05\/Bo\u017ce_Cia\u0142o_2016_026.jpg\" alt=\"SONY DSC\" width=\"493\" height=\"327\" srcset=\"https:\/\/umacieja.net\/blog\/wp-content\/uploads\/2016\/05\/Bo\u017ce_Cia\u0142o_2016_026.jpg 600w, https:\/\/umacieja.net\/blog\/wp-content\/uploads\/2016\/05\/Bo\u017ce_Cia\u0142o_2016_026-300x199.jpg 300w\" sizes=\"(max-width: 493px) 100vw, 493px\" \/><\/a><\/p>\n<p>\u201eWiejskie parafie, to ma\u0142e nieba.\u201d Tak napisa\u0142a pewna osoba w komentarzu pod jednym z pierwszych wpis\u00f3w dotycz\u0105cych \u017cycia\u00a0 w parafii w Dulsku. Pewnie daleko nam do nieba jeszcze\u2026 bo bez Komunii i modlitwy, bez spowiedzi i Eucharystii przecie\u017c dziczejemy.<\/p>\n<p>A Henryk Sienkiewicz patrz\u0105c na procesj\u0119 Bo\u017cego Cia\u0142a pisa\u0142:<em>\u00a0<strong> &#8222;<\/strong><\/em><strong><em>(&#8230;) na wy\u017cyny wychod\u017acie, na wy\u017cyny jak najcz\u0119\u015bciej!<\/em><\/strong><em> <strong>Tam horyzont szerszy, atmosfera ja\u015bniejsza (&#8230;)&#8221;. <\/strong><\/em><\/p>\n<p>Wiejskie, ma\u0142e niebo mieli\u015bmy podczas nawiedzenia Matki Bo\u017cej w Jasnog\u00f3rskiej Ikonie i dzisiaj &#8211; w dzie\u0144 Bo\u017cego Cia\u0142a. Weszli\u015bmy dzisiaj na wy\u017cyny. Czy wszyscy dali rad\u0119 wej\u015b\u0107?<\/p>\n<p><a href=\"http:\/\/www.parafiadulsk.pl\/galeria\/thumbnails.php?album=157\">Fotorelacja<\/a><\/p>\n<iframe width=\"500\" height=\"281\" src=\"https:\/\/www.youtube.com\/embed\/Xyn8FLoXG5o?feature=oembed\" frameborder=\"0\" allow=\"autoplay; encrypted-media\" allowfullscreen><\/iframe>\n","protected":false},"excerpt":{"rendered":"<p>\u201eWiejskie parafie, to ma\u0142e nieba.\u201d Tak napisa\u0142a pewna osoba w komentarzu pod jednym z pierwszych wpis\u00f3w dotycz\u0105cych \u017cycia\u00a0 w parafii w Dulsku. Pewnie daleko nam do nieba jeszcze\u2026 bo bez Komunii i modlitwy, bez spowiedzi i Eucharystii przecie\u017c dziczejemy. A Henryk Sienkiewicz patrz\u0105c na procesj\u0119 Bo\u017cego Cia\u0142a pisa\u0142:\u00a0 &#8222;(&#8230;) na wy\u017cyny wychod\u017acie, na wy\u017cyny jak [&hellip;]<\/p>\n","protected":false},"author":1,"featured_media":0,"comment_status":"open","ping_status":"closed","sticky":false,"template":"","format":"standard","meta":{"ngg_post_thumbnail":0},"categories":[1],"tags":[],"_links":{"self":[{"href":"https:\/\/umacieja.net\/blog\/index.php?rest_route=\/wp\/v2\/posts\/3603"}],"collection":[{"href":"https:\/\/umacieja.net\/blog\/index.php?rest_route=\/wp\/v2\/posts"}],"about":[{"href":"https:\/\/umacieja.net\/blog\/index.php?rest_route=\/wp\/v2\/types\/post"}],"author":[{"embeddable":true,"href":"https:\/\/umacieja.net\/blog\/index.php?rest_route=\/wp\/v2\/users\/1"}],"replies":[{"embeddable":true,"href":"https:\/\/umacieja.net\/blog\/index.php?rest_route=%2Fwp%2Fv2%2Fcomments&post=3603"}],"version-history":[{"count":0,"href":"https:\/\/umacieja.net\/blog\/index.php?rest_route=\/wp\/v2\/posts\/3603\/revisions"}],"wp:attachment":[{"href":"https:\/\/umacieja.net\/blog\/index.php?rest_route=%2Fwp%2Fv2%2Fmedia&parent=3603"}],"wp:term":[{"taxonomy":"category","embeddable":true,"href":"https:\/\/umacieja.net\/blog\/index.php?rest_route=%2Fwp%2Fv2%2Fcategories&post=3603"},{"taxonomy":"post_tag","embeddable":true,"href":"https:\/\/umacieja.net\/blog\/index.php?rest_route=%2Fwp%2Fv2%2Ftags&post=3603"}],"curies":[{"name":"wp","href":"https:\/\/api.w.org\/{rel}","templated":true}]}}