{"id":3594,"date":"2016-05-23T08:42:23","date_gmt":"2016-05-23T06:42:23","guid":{"rendered":"http:\/\/www.umacieja.net\/blog\/?p=3594"},"modified":"2016-05-23T15:20:29","modified_gmt":"2016-05-23T13:20:29","slug":"jest-nadzieja","status":"publish","type":"post","link":"https:\/\/umacieja.net\/blog\/?p=3594","title":{"rendered":"Jest nadzieja!"},"content":{"rendered":"<p style=\"text-align: justify;\"><a href=\"http:\/\/www.umacieja.net\/blog\/wp-content\/uploads\/2016\/05\/Konfesjona\u0142_008.jpg\"><img decoding=\"async\" loading=\"lazy\" class=\"  wp-image-3595 aligncenter\" src=\"http:\/\/www.umacieja.net\/blog\/wp-content\/uploads\/2016\/05\/Konfesjona\u0142_008.jpg\" alt=\"SONY DSC\" width=\"322\" height=\"485\" srcset=\"https:\/\/umacieja.net\/blog\/wp-content\/uploads\/2016\/05\/Konfesjona\u0142_008.jpg 398w, https:\/\/umacieja.net\/blog\/wp-content\/uploads\/2016\/05\/Konfesjona\u0142_008-199x300.jpg 199w\" sizes=\"(max-width: 322px) 100vw, 322px\" \/><\/a><\/p>\n<p style=\"text-align: justify;\">Nowy konfesjona\u0142 s\u0142u\u017cy nam od Wielkiego Postu. Jest pami\u0105tk\u0105 Roku Mi\u0142osierdzia og\u0142oszonego przez Franciszka w Ko\u015bciele. Jest tak\u0105 biblijn\u0105 G\u00f3r\u0105 Tabor i p\u0142on\u0105cym krzewem Moj\u017cesza. Tydzie\u0144 temu, w uroczysto\u015b\u0107 Zes\u0142ania Ducha \u015awi\u0119tego, ma\u0142y Dawid, maj\u0105cy niespe\u0142na 3 lata, upodoba\u0142 sobie to miejsce i zasiada\u0142 w konfesjonale chyba ze trzy razy. Mama go zabiera\u0142a z konfesjona\u0142u, to za chwil\u0119 wraca\u0142 do niego. Wida\u0107 by\u0142o, \u017ce dobrze czuje si\u0119 w konfesjonale. Uczestnicy Mszy \u015bw. mieli sporo rado\u015bci z tego dziecka.\u00a0 Wczoraj te\u017c przyszed\u0142 do konfesjona\u0142u, ale by\u0142 bardzo zdziwiony, \u017ce ju\u017c jest zaj\u0119ty. Siedzia\u0142 w nim ks. Profesor, kt\u00f3ry g\u0142osi\u0142 S\u0142owo Bo\u017ce na <a href=\"http:\/\/www.parafiadulsk.pl\/galeria\/thumbnails.php?album=175\">odpu\u015bcie Tr\u00f3jcy Przenaj\u015bwi\u0119tszej.<\/a><\/p>\n<p style=\"text-align: justify;\">Pomy\u015bla\u0142em, \u017ce to jest jaki\u015b znak czasu od Ducha \u015awi\u0119tego i nadzieja, \u017ce nie zabraknie tych, kt\u00f3rzy b\u0119d\u0105 nam grzechy odpuszcza\u0107.<\/p>\n","protected":false},"excerpt":{"rendered":"<p>Nowy konfesjona\u0142 s\u0142u\u017cy nam od Wielkiego Postu. Jest pami\u0105tk\u0105 Roku Mi\u0142osierdzia og\u0142oszonego przez Franciszka w Ko\u015bciele. Jest tak\u0105 biblijn\u0105 G\u00f3r\u0105 Tabor i p\u0142on\u0105cym krzewem Moj\u017cesza. Tydzie\u0144 temu, w uroczysto\u015b\u0107 Zes\u0142ania Ducha \u015awi\u0119tego, ma\u0142y Dawid, maj\u0105cy niespe\u0142na 3 lata, upodoba\u0142 sobie to miejsce i zasiada\u0142 w konfesjonale chyba ze trzy razy. Mama go zabiera\u0142a z konfesjona\u0142u, [&hellip;]<\/p>\n","protected":false},"author":1,"featured_media":0,"comment_status":"open","ping_status":"closed","sticky":false,"template":"","format":"standard","meta":{"ngg_post_thumbnail":0},"categories":[1],"tags":[],"_links":{"self":[{"href":"https:\/\/umacieja.net\/blog\/index.php?rest_route=\/wp\/v2\/posts\/3594"}],"collection":[{"href":"https:\/\/umacieja.net\/blog\/index.php?rest_route=\/wp\/v2\/posts"}],"about":[{"href":"https:\/\/umacieja.net\/blog\/index.php?rest_route=\/wp\/v2\/types\/post"}],"author":[{"embeddable":true,"href":"https:\/\/umacieja.net\/blog\/index.php?rest_route=\/wp\/v2\/users\/1"}],"replies":[{"embeddable":true,"href":"https:\/\/umacieja.net\/blog\/index.php?rest_route=%2Fwp%2Fv2%2Fcomments&post=3594"}],"version-history":[{"count":0,"href":"https:\/\/umacieja.net\/blog\/index.php?rest_route=\/wp\/v2\/posts\/3594\/revisions"}],"wp:attachment":[{"href":"https:\/\/umacieja.net\/blog\/index.php?rest_route=%2Fwp%2Fv2%2Fmedia&parent=3594"}],"wp:term":[{"taxonomy":"category","embeddable":true,"href":"https:\/\/umacieja.net\/blog\/index.php?rest_route=%2Fwp%2Fv2%2Fcategories&post=3594"},{"taxonomy":"post_tag","embeddable":true,"href":"https:\/\/umacieja.net\/blog\/index.php?rest_route=%2Fwp%2Fv2%2Ftags&post=3594"}],"curies":[{"name":"wp","href":"https:\/\/api.w.org\/{rel}","templated":true}]}}