{"id":3583,"date":"2016-05-07T14:54:10","date_gmt":"2016-05-07T12:54:10","guid":{"rendered":"http:\/\/www.umacieja.net\/blog\/?p=3583"},"modified":"2016-05-07T21:31:33","modified_gmt":"2016-05-07T19:31:33","slug":"warto-bylo-nowenna-dobrzynska","status":"publish","type":"post","link":"https:\/\/umacieja.net\/blog\/?p=3583","title":{"rendered":"Warto by\u0142o! Nowenna dobrzy\u0144ska."},"content":{"rendered":"<p style=\"text-align: justify;\"><a href=\"http:\/\/www.umacieja.net\/blog\/wp-content\/uploads\/2016\/05\/DSC_4972.jpg\"><img decoding=\"async\" loading=\"lazy\" class=\"aligncenter  wp-image-3584\" src=\"http:\/\/www.umacieja.net\/blog\/wp-content\/uploads\/2016\/05\/DSC_4972.jpg\" alt=\"DSC_4972\" width=\"618\" height=\"411\" srcset=\"https:\/\/umacieja.net\/blog\/wp-content\/uploads\/2016\/05\/DSC_4972.jpg 600w, https:\/\/umacieja.net\/blog\/wp-content\/uploads\/2016\/05\/DSC_4972-300x200.jpg 300w\" sizes=\"(max-width: 618px) 100vw, 618px\" \/><\/a><\/p>\n<p style=\"text-align: justify;\">Warto by\u0142o! Tak powiedzia\u0142 z u\u015bmiechem na ustach i rado\u015bci\u0105 w oczach jeden z ksi\u0119\u017cy w dekanacie Dobrzy\u0144 nad Drw\u0119ca, gdy przywi\u00f3z\u0142 Obraz Nawiedzenia ze swojej parafii do kolejnej. W naszym dekanacie jest 9 parafii. Mo\u017cna \u015bmia\u0142o powiedzie\u0107, \u017ce prze\u017cyli\u015bmy Wielk\u0105 Nowenn\u0119 z Maryj\u0105 w Jej Jasnog\u00f3rskiej Ikonie. Ksi\u0119\u017ca, kt\u00f3rzy ju\u017c prze\u017cyli ten czas peregrynacji, przyznaj\u0105, \u017ce to wydarzenie kosztowa\u0142o wielkiego wysi\u0142ku, zw\u0142aszcza tam, gdzie pracuje sam proboszcz. Wszystko niejako jest na &#8222;jego g\u0142owie&#8221;: dekoracje, rekolekcje, teksty, liturgia, procesja, posi\u0142ki dla ksi\u0119\u017cy itp.<\/p>\n<p style=\"text-align: justify;\">Pos\u0142uguj\u0105c si\u0119 j\u0119zykiem rolnika, mog\u0119 \u015bmia\u0142o napisa\u0107, \u017ce Maryja &#8222;przeora\u0142a&#8221; nasze parafie: serca ksi\u0119\u017cy i wiernych. Nast\u0105pi\u0142o poruszenie wielu serc do dobrego. Zdecydowana wi\u0119kszo\u015b\u0107 parafian bra\u0142a udzia\u0142 w rekolekcjach i spotkaniach podczas doby nawiedzenia. By\u0142y niestety kamienne serca (zatwardzia\u0142e!), kt\u00f3re nie da\u0142y si\u0119 przeora\u0107&#8230;W ma\u0142ej parafii ludzie sami wyliczaj\u0105 zaledwie na palcach dw\u00f3ch r\u0105k\u00a0 osoby ochrzczone, kt\u00f3re nie spotka\u0142y si\u0119 z Matk\u0105. Dlaczego? Pytanie pozostanie otwarte.<span style=\"font-size: 14.0pt;\"><br \/>\n<\/span><\/p>\n<p style=\"text-align: justify;\">Przed Nawiedzeniem s\u0105 rekolekcje albo misje. Postanowili\u015bmy pomaga\u0107 sobie w konfesjonale i by\u0107 w ka\u017cdej parafii na spotkaniu z Maryj\u0105. Obliczy\u0142em, \u017ce przez te 9 dni, w naszym ma\u0142ym dekanacie, &#8222;wykr\u0119ci\u0142em&#8221; prawie 800 km.<\/p>\n<p style=\"text-align: justify;\">Jest jaka\u015b przedziwna moc, kt\u00f3ra p\u0142ynie z tego w\u0119druj\u0105cego Obrazu. Mia\u0142em wra\u017cenie i wielu parafian tak\u017ce, \u017ce te 24 godziny obecno\u015bci Maryi, to by\u0142 czas uchylenia nieba dla nas. Modlitwa, Komunie \u015bwi\u0119te, nawr\u00f3cenia, \u015bpiew, gra orkiestry, postanowienia, dekoracje, \u0142zy w oczach, kl\u0119kanie przed przeje\u017cd\u017caj\u0105cym samochodem &#8211; kaplic\u0105, ryk syren stra\u017cackich, radosne bicie dzwon\u00f3w, warkot motor\u00f3w prowadz\u0105cych samoch\u00f3d &#8211; kaplic\u0119: to wszystko powodowa\u0142o, \u017ce nie chcia\u0142o si\u0119 wychodzi\u0107 ze \u015bwi\u0105tyni. Niekt\u00f3rzy przyje\u017cd\u017cali po kilkana\u015bcie razy, aby spotka\u0107 si\u0119 z Matk\u0105. I \u017cal by\u0142o \u017cegna\u0107 Matk\u0119; tak szybko min\u0105\u0142 czas spotkania&#8230;<\/p>\n<p style=\"text-align: justify;\">Naprawd\u0119 warto by\u0142o! Tym bardziej, \u017ce Maryja nawiedzi\u0142a nas\u00a0 w najpi\u0119kniejszym i pachn\u0105cym kwitn\u0105cymi sadami i \u0142\u0105kami\u00a0 miesi\u0105cu i w dodatku w swoje Imieniny &#8211; 3 Maja!<\/p>\n<p style=\"text-align: justify;\">Zapraszam <a href=\"http:\/\/www.parafiadulsk.pl\/galeria\/thumbnails.php?album=228\">do obejrzenia.<\/a><\/p>\n<iframe width=\"500\" height=\"281\" src=\"https:\/\/www.youtube.com\/embed\/PboFX5XUlEc?feature=oembed\" frameborder=\"0\" allow=\"autoplay; encrypted-media\" allowfullscreen><\/iframe>\n","protected":false},"excerpt":{"rendered":"<p>Warto by\u0142o! Tak powiedzia\u0142 z u\u015bmiechem na ustach i rado\u015bci\u0105 w oczach jeden z ksi\u0119\u017cy w dekanacie Dobrzy\u0144 nad Drw\u0119ca, gdy przywi\u00f3z\u0142 Obraz Nawiedzenia ze swojej parafii do kolejnej. W naszym dekanacie jest 9 parafii. Mo\u017cna \u015bmia\u0142o powiedzie\u0107, \u017ce prze\u017cyli\u015bmy Wielk\u0105 Nowenn\u0119 z Maryj\u0105 w Jej Jasnog\u00f3rskiej Ikonie. Ksi\u0119\u017ca, kt\u00f3rzy ju\u017c prze\u017cyli ten czas peregrynacji, [&hellip;]<\/p>\n","protected":false},"author":1,"featured_media":0,"comment_status":"open","ping_status":"closed","sticky":false,"template":"","format":"standard","meta":{"ngg_post_thumbnail":0},"categories":[1],"tags":[],"_links":{"self":[{"href":"https:\/\/umacieja.net\/blog\/index.php?rest_route=\/wp\/v2\/posts\/3583"}],"collection":[{"href":"https:\/\/umacieja.net\/blog\/index.php?rest_route=\/wp\/v2\/posts"}],"about":[{"href":"https:\/\/umacieja.net\/blog\/index.php?rest_route=\/wp\/v2\/types\/post"}],"author":[{"embeddable":true,"href":"https:\/\/umacieja.net\/blog\/index.php?rest_route=\/wp\/v2\/users\/1"}],"replies":[{"embeddable":true,"href":"https:\/\/umacieja.net\/blog\/index.php?rest_route=%2Fwp%2Fv2%2Fcomments&post=3583"}],"version-history":[{"count":0,"href":"https:\/\/umacieja.net\/blog\/index.php?rest_route=\/wp\/v2\/posts\/3583\/revisions"}],"wp:attachment":[{"href":"https:\/\/umacieja.net\/blog\/index.php?rest_route=%2Fwp%2Fv2%2Fmedia&parent=3583"}],"wp:term":[{"taxonomy":"category","embeddable":true,"href":"https:\/\/umacieja.net\/blog\/index.php?rest_route=%2Fwp%2Fv2%2Fcategories&post=3583"},{"taxonomy":"post_tag","embeddable":true,"href":"https:\/\/umacieja.net\/blog\/index.php?rest_route=%2Fwp%2Fv2%2Ftags&post=3583"}],"curies":[{"name":"wp","href":"https:\/\/api.w.org\/{rel}","templated":true}]}}