{"id":3577,"date":"2016-05-04T01:56:55","date_gmt":"2016-05-03T23:56:55","guid":{"rendered":"http:\/\/www.umacieja.net\/blog\/?p=3577"},"modified":"2016-05-04T01:58:41","modified_gmt":"2016-05-03T23:58:41","slug":"ave-maria","status":"publish","type":"post","link":"https:\/\/umacieja.net\/blog\/?p=3577","title":{"rendered":"Ave Maria"},"content":{"rendered":"<p><a href=\"http:\/\/www.umacieja.net\/blog\/wp-content\/uploads\/2016\/05\/Nawiedzenie-cz.-2-022.jpg\"><img decoding=\"async\" loading=\"lazy\" class=\"aligncenter  wp-image-3578\" src=\"http:\/\/www.umacieja.net\/blog\/wp-content\/uploads\/2016\/05\/Nawiedzenie-cz.-2-022-1024x680.jpg\" alt=\"SONY DSC\" width=\"532\" height=\"353\" srcset=\"https:\/\/umacieja.net\/blog\/wp-content\/uploads\/2016\/05\/Nawiedzenie-cz.-2-022-1024x680.jpg 1024w, https:\/\/umacieja.net\/blog\/wp-content\/uploads\/2016\/05\/Nawiedzenie-cz.-2-022-300x199.jpg 300w\" sizes=\"(max-width: 532px) 100vw, 532px\" \/><\/a><\/p>\n<p style=\"text-align: justify;\"><span style=\"color: #ff0000;\">Jestem, pami\u0119tam, czuwam! Wielka doba czuwania, pami\u0119ci i trwania. Dzi\u0119kuj\u0119 Ci Matko!<\/span><\/p>\n<p style=\"text-align: justify;\"><span style=\"font-size: 14.0pt;\">Niespe\u0142na 40 lat temu, 5 wrze\u015bnia 1976r. wita\u0142em Ci\u0119 Maryjo w Twoim Obrazie Jasnog\u00f3rskim w mojej rodzinnej parafii Zielona M\u0142awska. Mia\u0142em wtedy 9 lat. Pami\u0119tam to wielkie poruszenie wielu serc do dobrego i Twoje Matczyne spojrzenie. Dzisiaj, po 40 latach wita\u0142em Ci\u0119 jako proboszcz wsp\u00f3lnoty parafialnej w Dulsku. Dzi\u0119kuj\u0119 z kolejne poruszenie wielu serc do dobrego w naszej parafii.<\/span><\/p>\n<p><a href=\"https:\/\/www.youtube.com\/user\/ParafiaDulsk\">Fragmenty z naszego czuwania <\/a><\/p>\n<p>&nbsp;<\/p>\n<p>&nbsp;<\/p>\n<p>&nbsp;<\/p>\n<p>&nbsp;<\/p>\n","protected":false},"excerpt":{"rendered":"<p>Jestem, pami\u0119tam, czuwam! Wielka doba czuwania, pami\u0119ci i trwania. Dzi\u0119kuj\u0119 Ci Matko! Niespe\u0142na 40 lat temu, 5 wrze\u015bnia 1976r. wita\u0142em Ci\u0119 Maryjo w Twoim Obrazie Jasnog\u00f3rskim w mojej rodzinnej parafii Zielona M\u0142awska. Mia\u0142em wtedy 9 lat. Pami\u0119tam to wielkie poruszenie wielu serc do dobrego i Twoje Matczyne spojrzenie. Dzisiaj, po 40 latach wita\u0142em Ci\u0119 jako [&hellip;]<\/p>\n","protected":false},"author":1,"featured_media":0,"comment_status":"open","ping_status":"closed","sticky":false,"template":"","format":"standard","meta":{"ngg_post_thumbnail":0},"categories":[1],"tags":[],"_links":{"self":[{"href":"https:\/\/umacieja.net\/blog\/index.php?rest_route=\/wp\/v2\/posts\/3577"}],"collection":[{"href":"https:\/\/umacieja.net\/blog\/index.php?rest_route=\/wp\/v2\/posts"}],"about":[{"href":"https:\/\/umacieja.net\/blog\/index.php?rest_route=\/wp\/v2\/types\/post"}],"author":[{"embeddable":true,"href":"https:\/\/umacieja.net\/blog\/index.php?rest_route=\/wp\/v2\/users\/1"}],"replies":[{"embeddable":true,"href":"https:\/\/umacieja.net\/blog\/index.php?rest_route=%2Fwp%2Fv2%2Fcomments&post=3577"}],"version-history":[{"count":0,"href":"https:\/\/umacieja.net\/blog\/index.php?rest_route=\/wp\/v2\/posts\/3577\/revisions"}],"wp:attachment":[{"href":"https:\/\/umacieja.net\/blog\/index.php?rest_route=%2Fwp%2Fv2%2Fmedia&parent=3577"}],"wp:term":[{"taxonomy":"category","embeddable":true,"href":"https:\/\/umacieja.net\/blog\/index.php?rest_route=%2Fwp%2Fv2%2Fcategories&post=3577"},{"taxonomy":"post_tag","embeddable":true,"href":"https:\/\/umacieja.net\/blog\/index.php?rest_route=%2Fwp%2Fv2%2Ftags&post=3577"}],"curies":[{"name":"wp","href":"https:\/\/api.w.org\/{rel}","templated":true}]}}