{"id":3273,"date":"2015-12-13T21:15:56","date_gmt":"2015-12-13T19:15:56","guid":{"rendered":"http:\/\/www.umacieja.net\/blog\/?p=3273"},"modified":"2015-12-14T09:24:33","modified_gmt":"2015-12-14T07:24:33","slug":"kolyska-dla-jezusa","status":"publish","type":"post","link":"https:\/\/umacieja.net\/blog\/?p=3273","title":{"rendered":"Ko\u0142yska dla Jezusa"},"content":{"rendered":"<p><a href=\"http:\/\/www.umacieja.net\/blog\/wp-content\/uploads\/2015\/12\/13.12.2015-0271.jpg\"><img decoding=\"async\" loading=\"lazy\" class=\"  wp-image-3275 aligncenter\" src=\"http:\/\/www.umacieja.net\/blog\/wp-content\/uploads\/2015\/12\/13.12.2015-0271.jpg\" alt=\"SONY DSC\" width=\"367\" height=\"553\" srcset=\"https:\/\/umacieja.net\/blog\/wp-content\/uploads\/2015\/12\/13.12.2015-0271.jpg 398w, https:\/\/umacieja.net\/blog\/wp-content\/uploads\/2015\/12\/13.12.2015-0271-199x300.jpg 199w\" sizes=\"(max-width: 367px) 100vw, 367px\" \/><\/a><\/p>\n<p>34 lata temu bywa\u0142y gro\u017ane i mro\u017ane noce zimowe. Mia\u0142em wtedy lat 15. By\u0142 stan wojenny. W sklepach nic nie by\u0142o. Mama posz\u0142a w kolejk\u0119 do sklepu w godzin\u0119 policyjn\u0105, bo przywie\u017ali buty. Ok 4.00 nad ranem us\u0142ysza\u0142em szybkie kroki za oknem. Mama bieg\u0142a \u00a0do domu, a za ni\u0105 \u017co\u0142nierze (s\u0105siedzi z ORMO) z karabinami. Szukali jej, bo z\u0142ama\u0142a zasady stanu wojennego. Koszmar, czy wojna? To by\u0142o tak niedawno\u2026 zapomnieli\u015bmy ju\u017c? Za t\u0105 noc\u0105 nie t\u0119skni\u0119.<\/p>\n<p>Ofiarom koszmarnego stanu wojennego zapali\u0142em dzi\u015b trzy \u015bwiece &#8211; Trzy \u015awiat\u0142a Wolno\u015bci. W Imi\u0119 Tr\u00f3jcy Przenaj\u015bwi\u0119tszej!<\/p>\n<p>Dzi\u0119kuj\u0119 za rekolekcje adwentowe, za spowiedzi, za adoracje w intencji parafian, kt\u00f3rzy lekcewa\u017c\u0105 niedzieln\u0105 Msz\u0119 \u015bwi\u0119t\u0105 i przestali si\u0119 spowiada\u0107. W ten czas adwentowy widz\u0119, \u017ce\u00a0moje r\u0119ce staj\u0105 si\u0119 ko\u0142ysk\u0105 dla Jezusa. W konfesjonale \u2013 podczas wielu t\u0119sknych spowiedzi adwentowych, gdy rozgrzeszam. Podczas Mszy \u015bw. \u2013 gdy rozdaj\u0119 S\u0142owo, kt\u00f3re staje si\u0119 Cia\u0142em.<\/p>\n<p>Czy Twoje r\u0119ce s\u0105 ko\u0142ysk\u0105 dla Jezusa?<\/p>\n","protected":false},"excerpt":{"rendered":"<p>34 lata temu bywa\u0142y gro\u017ane i mro\u017ane noce zimowe. Mia\u0142em wtedy lat 15. By\u0142 stan wojenny. W sklepach nic nie by\u0142o. Mama posz\u0142a w kolejk\u0119 do sklepu w godzin\u0119 policyjn\u0105, bo przywie\u017ali buty. Ok 4.00 nad ranem us\u0142ysza\u0142em szybkie kroki za oknem. Mama bieg\u0142a \u00a0do domu, a za ni\u0105 \u017co\u0142nierze (s\u0105siedzi z ORMO) z karabinami. [&hellip;]<\/p>\n","protected":false},"author":1,"featured_media":0,"comment_status":"open","ping_status":"closed","sticky":false,"template":"","format":"standard","meta":{"ngg_post_thumbnail":0},"categories":[1],"tags":[],"_links":{"self":[{"href":"https:\/\/umacieja.net\/blog\/index.php?rest_route=\/wp\/v2\/posts\/3273"}],"collection":[{"href":"https:\/\/umacieja.net\/blog\/index.php?rest_route=\/wp\/v2\/posts"}],"about":[{"href":"https:\/\/umacieja.net\/blog\/index.php?rest_route=\/wp\/v2\/types\/post"}],"author":[{"embeddable":true,"href":"https:\/\/umacieja.net\/blog\/index.php?rest_route=\/wp\/v2\/users\/1"}],"replies":[{"embeddable":true,"href":"https:\/\/umacieja.net\/blog\/index.php?rest_route=%2Fwp%2Fv2%2Fcomments&post=3273"}],"version-history":[{"count":0,"href":"https:\/\/umacieja.net\/blog\/index.php?rest_route=\/wp\/v2\/posts\/3273\/revisions"}],"wp:attachment":[{"href":"https:\/\/umacieja.net\/blog\/index.php?rest_route=%2Fwp%2Fv2%2Fmedia&parent=3273"}],"wp:term":[{"taxonomy":"category","embeddable":true,"href":"https:\/\/umacieja.net\/blog\/index.php?rest_route=%2Fwp%2Fv2%2Fcategories&post=3273"},{"taxonomy":"post_tag","embeddable":true,"href":"https:\/\/umacieja.net\/blog\/index.php?rest_route=%2Fwp%2Fv2%2Ftags&post=3273"}],"curies":[{"name":"wp","href":"https:\/\/api.w.org\/{rel}","templated":true}]}}