{"id":3252,"date":"2015-11-30T21:30:14","date_gmt":"2015-11-30T19:30:14","guid":{"rendered":"http:\/\/www.umacieja.net\/blog\/?p=3252"},"modified":"2015-12-03T12:23:59","modified_gmt":"2015-12-03T10:23:59","slug":"mala-fatima","status":"publish","type":"post","link":"https:\/\/umacieja.net\/blog\/?p=3252","title":{"rendered":"Ma\u0142a Fatima w Soko\u0142owie"},"content":{"rendered":"<p style=\"text-align: justify;\"><a href=\"http:\/\/www.umacieja.net\/blog\/wp-content\/uploads\/2015\/11\/Portugalia_082.jpg\"><img decoding=\"async\" loading=\"lazy\" class=\"aligncenter  wp-image-3253\" src=\"http:\/\/www.umacieja.net\/blog\/wp-content\/uploads\/2015\/11\/Portugalia_082.jpg\" alt=\"SONY DSC\" width=\"454\" height=\"300\" srcset=\"https:\/\/umacieja.net\/blog\/wp-content\/uploads\/2015\/11\/Portugalia_082.jpg 600w, https:\/\/umacieja.net\/blog\/wp-content\/uploads\/2015\/11\/Portugalia_082-300x199.jpg 300w\" sizes=\"(max-width: 454px) 100vw, 454px\" \/><\/a><\/p>\n<p style=\"text-align: justify;\">\u00a0 \u00a0 \u00a0 \u00a0 \u00a0 \u00a0 \u00a0 \u00a0 \u00a0 \u00a0 \u00a0 \u00a0 \u00a0 \u00a0 \u00a0 \u00a0 \u00a0 \u00a0 \u00a0 \u00a0 \u00a0 \u00a0 \u00a0 \u00a0 \u00a0 \u00a0 \u00a0 \u00a0 \u00a0 \u00a0 \u00a0 \u00a0 \u00a0 \u00a0 \u00a0 \u00a0 \u00a0 \u00a0 \u00a0 \u00a0 \u00a0 \u00a0Fotografia kapliczki w Fatimie<\/p>\n<p style=\"text-align: justify;\"><a href=\"http:\/\/www.umacieja.net\/blog\/wp-content\/uploads\/2015\/11\/Wielka_sobota_2015_005.jpg\"><img decoding=\"async\" loading=\"lazy\" class=\"wp-image-3254 aligncenter\" src=\"http:\/\/www.umacieja.net\/blog\/wp-content\/uploads\/2015\/11\/Wielka_sobota_2015_005.jpg\" alt=\"SONY DSC\" width=\"457\" height=\"303\" srcset=\"https:\/\/umacieja.net\/blog\/wp-content\/uploads\/2015\/11\/Wielka_sobota_2015_005.jpg 600w, https:\/\/umacieja.net\/blog\/wp-content\/uploads\/2015\/11\/Wielka_sobota_2015_005-300x199.jpg 300w\" sizes=\"(max-width: 457px) 100vw, 457px\" \/><\/a><\/p>\n<p style=\"text-align: justify;\">\u00a0 \u00a0 \u00a0 \u00a0 \u00a0 \u00a0 \u00a0 \u00a0 \u00a0 \u00a0 \u00a0 \u00a0 \u00a0 \u00a0 \u00a0 \u00a0 \u00a0 \u00a0 \u00a0 \u00a0 \u00a0 \u00a0 \u00a0 \u00a0 \u00a0 \u00a0 \u00a0 \u00a0 \u00a0 \u00a0 \u00a0 \u00a0 \u00a0 \u00a0 \u00a0 \u00a0 \u00a0 \u00a0 Fotografia kapliczki w Soko\u0142owie<\/p>\n<p style=\"text-align: justify;\">Rok temu odwiedzi\u0142em z pielgrzymk\u0105 miejsce objawie\u0144 Matki Bo\u017cej w Fatimie. W roku 2017 b\u0119dziemy prze\u017cywa\u0107 jubileusz 100 -lat od pierwszych objawie\u0144. Miejsce to wyj\u0105tkowe. M\u00f3wi si\u0119, \u017ce jedno z najwi\u0119kszych sanktuari\u00f3w na \u015bwiecie. Ale sam by\u0142em zaskoczony tym, \u017ce serce tego\u017c sanktuarium stanowi ma\u0142a kapliczka ze stoj\u0105c\u0105 obok niej figur\u0105 Maryi. Moje pierwsze skojarzenie by\u0142o takie, \u017ce my\u015bli moje pobieg\u0142y do Soko\u0142owa i do ma\u0142ej kapliczki z roku 1938. Przed II wojn\u0105 \u015bwiatow\u0105, w\u0142a\u015bciciel maj\u0105tku Aleksander P\u0142oski z Wand\u0105 Jerzmanowsk\u0105 herbu Do\u0142\u0119ga, jako podzi\u0119kowanie Bo\u017cej Opatrzno\u015bci za narodzenie d\u0142ugo oczekiwanego syna Paw\u0142a, wystawili kaplic\u0119 w parku w Soko\u0142owie. By\u0107 mo\u017ce wzorowa\u0142 si\u0119 na tej kapliczce z Fatimy?<\/p>\n<p style=\"text-align: justify;\">Mieszka\u0144cy Soko\u0142owa powinni by\u0107 dumni z tego podobie\u0144stwa ich kaplicy do tej w Fatimie. Niedawno zako\u0144czy\u0142a si\u0119 peregrynacja Matki Bo\u017cej z Fatimy, kt\u00f3ra odwiedzi\u0142a rodziny z naszej parafii. Dzi\u0119kuj\u0119 za przyj\u0119cie figury Pani Fatimskiej w zdecydowanej wi\u0119kszo\u015bci dom\u00f3w w parafii. Mam nadzieje, \u017ce te spotkania przynios\u0105 owoce roku duszpasterskiego, kt\u00f3ry min\u0105\u0142 wczoraj, a kt\u00f3rego has\u0142em by\u0142y s\u0142owa: &#8222;Nawracajcie si\u0119 i wierzcie w Ewangeli\u0119!&#8221;. Czy uda\u0142o si\u0119 nam cho\u0107 troch\u0119 nawr\u00f3ci\u0107 nasze serca? Czy uwierzyli\u015bmy bardziej Ewangelii&#8230;? W\u0142a\u015bnie siedz\u0119 i czytam pi\u0119kne wpisy z ksi\u0119gi pami\u0105tkowej. Ile\u017c w nich jest ciep\u0142a, czu\u0142o\u015bci dzieci\u0119cej, ufno\u015bci, dzi\u0119kczynienia, pr\u00f3\u015bb, wiary, mi\u0142o\u015bci i nadziei&#8230;. Np. czytam: <em>&#8222;Dzi\u0119kujemy Ci, \u017ce zawita\u0142a\u015b w nasze progi, w tak szczeg\u00f3lnym dla nas dniu. Dzi\u015b obchodzimy pi\u0119tnast\u0105 rocznic\u0119 \u015blubu i jeste\u015bmy zaszczyceni Kochana Matko Twoj\u0105 obecno\u015bci\u0105&#8221;<\/em>. Dalej: <em>&#8222;Dzi\u0119kujemy Ci Matko Fatimska za odwiedziny w naszym domu i prosimy odwiedzaj nas cz\u0119\u015bciej, daj nam zdrowie i bezpiecze\u0144stwo dla naszych dzieci i wnuk\u00f3w. B\u0142ogos\u0142aw nam ka\u017cdego dnia Matko! Prosimy!&#8221;<\/em>. Jeszcze ten wpis: <em>&#8222;Matko Boska Fatimska! Nie byli\u015bmy w stanie jecha\u0107 do Ciebie, ale Ty sama odwiedzi\u0142a\u015b nasz\u0105 rodzin\u0119. Dzi\u0119kujemy Ci za t\u0119 go\u015bcin\u0119, \u017ce przez chwil\u0119 mog\u0142a\u015b by\u0107 z nami, za wsp\u00f3ln\u0105 modlitw\u0119, za blisko\u015b\u0107 Twego serca i za prze\u017cycie niezapomnianych wzrusze\u0144. Pob\u0142ogos\u0142aw naszej rodzinie, obdarz nas zdrowiem, bro\u0144 od wszelkiego z\u0142ego i pozw\u00f3l nam cieszy\u0107 si\u0119 ka\u017cd\u0105 chwil\u0105 \u017cycia&#8221;.<\/em><\/p>\n<p style=\"text-align: justify;\">Kilka os\u00f3b podpisanych w tej pami\u0105tkowej ksi\u0119dze ju\u017c nie ma w\u015br\u00f3d nas. Kto by si\u0119 spodziewa\u0142&#8230;? Mamy nadziej\u0119, \u017ce ju\u017c s\u0105 w Domu Ojca i ciesz\u0105 si\u0119 obecno\u015bci\u0105 Maryi i \u015awi\u0119tych!<\/p>\n<p style=\"text-align: justify;\">Ko\u015bci\u00f3\u0142 w Dulsku i kaplica w Soko\u0142owie wzbogaci\u0142y si\u0119 obecno\u015bci\u0105 figury Matki Boskiej Fatimskiej. Dzi\u0119kuj\u0119 za obecno\u015b\u0107 na Eucharystii <a href=\"http:\/\/www.parafiadulsk.pl\/galeria\/thumbnails.php?album=210\">w pierwsze soboty miesi\u0105ca!<\/a> Mam nadziej\u0119, \u017ce te spotkania z Nasz\u0105 najlepsz\u0105 Matk\u0105 dadz\u0105 nam\u00a0\u201eNowe \u017cycie w Chrystusie\u201d.<\/p>\n<p style=\"text-align: justify;\">Modlitwa w Fatimie:<a href=\"http:\/\/umacieja.net\/galeria\/thumbnails.php?album=101\"> foto<\/a>,<a href=\"https:\/\/www.youtube.com\/watch?v=7ia80w8Jbrg\"> film<\/a><\/p>\n","protected":false},"excerpt":{"rendered":"<p>\u00a0 \u00a0 \u00a0 \u00a0 \u00a0 \u00a0 \u00a0 \u00a0 \u00a0 \u00a0 \u00a0 \u00a0 \u00a0 \u00a0 \u00a0 \u00a0 \u00a0 \u00a0 \u00a0 \u00a0 \u00a0 \u00a0 \u00a0 \u00a0 \u00a0 \u00a0 \u00a0 \u00a0 \u00a0 \u00a0 \u00a0 \u00a0 \u00a0 \u00a0 \u00a0 \u00a0 \u00a0 \u00a0 \u00a0 \u00a0 \u00a0 \u00a0Fotografia kapliczki w Fatimie \u00a0 \u00a0 \u00a0 \u00a0 \u00a0 \u00a0 \u00a0 \u00a0 \u00a0 \u00a0 [&hellip;]<\/p>\n","protected":false},"author":1,"featured_media":0,"comment_status":"open","ping_status":"closed","sticky":false,"template":"","format":"standard","meta":{"ngg_post_thumbnail":0},"categories":[1],"tags":[],"_links":{"self":[{"href":"https:\/\/umacieja.net\/blog\/index.php?rest_route=\/wp\/v2\/posts\/3252"}],"collection":[{"href":"https:\/\/umacieja.net\/blog\/index.php?rest_route=\/wp\/v2\/posts"}],"about":[{"href":"https:\/\/umacieja.net\/blog\/index.php?rest_route=\/wp\/v2\/types\/post"}],"author":[{"embeddable":true,"href":"https:\/\/umacieja.net\/blog\/index.php?rest_route=\/wp\/v2\/users\/1"}],"replies":[{"embeddable":true,"href":"https:\/\/umacieja.net\/blog\/index.php?rest_route=%2Fwp%2Fv2%2Fcomments&post=3252"}],"version-history":[{"count":0,"href":"https:\/\/umacieja.net\/blog\/index.php?rest_route=\/wp\/v2\/posts\/3252\/revisions"}],"wp:attachment":[{"href":"https:\/\/umacieja.net\/blog\/index.php?rest_route=%2Fwp%2Fv2%2Fmedia&parent=3252"}],"wp:term":[{"taxonomy":"category","embeddable":true,"href":"https:\/\/umacieja.net\/blog\/index.php?rest_route=%2Fwp%2Fv2%2Fcategories&post=3252"},{"taxonomy":"post_tag","embeddable":true,"href":"https:\/\/umacieja.net\/blog\/index.php?rest_route=%2Fwp%2Fv2%2Ftags&post=3252"}],"curies":[{"name":"wp","href":"https:\/\/api.w.org\/{rel}","templated":true}]}}