{"id":3187,"date":"2015-10-20T15:19:22","date_gmt":"2015-10-20T13:19:22","guid":{"rendered":"http:\/\/www.umacieja.net\/blog\/?p=3187"},"modified":"2015-10-23T00:28:21","modified_gmt":"2015-10-22T22:28:21","slug":"ksiadz-jerzy","status":"publish","type":"post","link":"https:\/\/umacieja.net\/blog\/?p=3187","title":{"rendered":"Czy Prawd\u0119 mo\u017cna zabi\u0107?"},"content":{"rendered":"<p style=\"text-align: justify;\"><a href=\"http:\/\/www.umacieja.net\/blog\/wp-content\/uploads\/2015\/10\/Pielgrzymka-do-W-wy-195.jpg\"><img decoding=\"async\" loading=\"lazy\" class=\"  wp-image-3191 aligncenter\" src=\"http:\/\/www.umacieja.net\/blog\/wp-content\/uploads\/2015\/10\/Pielgrzymka-do-W-wy-068-768x1024.jpg\" alt=\"Pielgrzymka do W-wy 068\" width=\"365\" height=\"486\" srcset=\"https:\/\/umacieja.net\/blog\/wp-content\/uploads\/2015\/10\/Pielgrzymka-do-W-wy-068-768x1024.jpg 768w, https:\/\/umacieja.net\/blog\/wp-content\/uploads\/2015\/10\/Pielgrzymka-do-W-wy-068-225x300.jpg 225w, https:\/\/umacieja.net\/blog\/wp-content\/uploads\/2015\/10\/Pielgrzymka-do-W-wy-068.jpg 1536w\" sizes=\"(max-width: 365px) 100vw, 365px\" \/><\/a><\/p>\n<p>&nbsp;<\/p>\n<p style=\"text-align: justify;\">To ju\u017c 31 lat min\u0119\u0142o od pami\u0119tnego, smutnego, jesiennego wieczoru, gdy oprawcy na rozkaz komunistycznych w\u0142adz zamordowali ksi\u0119dza Jerzego (dzisiaj ciesz\u0105 si\u0119 wolno\u015bci\u0105 i przywilejami; cz\u0119sto uwa\u017ca si\u0119 ich za patriot\u00f3w!). By\u0142 rok 1984. Mia\u0142em wtedy 17 lat, uczy\u0142em si\u0119 w kl. II LO. Zapanowa\u0142 w\u015br\u00f3d nas niewyobra\u017calny b\u00f3l, bezradno\u015b\u0107, beznadzieja, bo wydawa\u0142o si\u0119 nam, \u017ce PRAWDA zosta\u0142a zabita.<\/p>\n<p style=\"text-align: justify;\">Po tylu latach zastanawiam si\u0119 nad tym, co ksi\u0105dz Jerzy mo\u017ce powiedzie\u0107 \u00a0dzisiejszej m\u0142odzie\u017cy?<\/p>\n<p style=\"text-align: center;\"><a href=\"http:\/\/www.umacieja.net\/blog\/wp-content\/uploads\/2015\/10\/Pielgrzymka-do-W-wy-195.jpg\"><img decoding=\"async\" loading=\"lazy\" class=\"aligncenter  wp-image-3188\" src=\"http:\/\/www.umacieja.net\/blog\/wp-content\/uploads\/2015\/10\/Pielgrzymka-do-W-wy-195-1024x768.jpg\" alt=\"Pielgrzymka do W-wy 195\" width=\"494\" height=\"371\" srcset=\"https:\/\/umacieja.net\/blog\/wp-content\/uploads\/2015\/10\/Pielgrzymka-do-W-wy-195-1024x768.jpg 1024w, https:\/\/umacieja.net\/blog\/wp-content\/uploads\/2015\/10\/Pielgrzymka-do-W-wy-195-300x225.jpg 300w, https:\/\/umacieja.net\/blog\/wp-content\/uploads\/2015\/10\/Pielgrzymka-do-W-wy-195.jpg 2048w\" sizes=\"(max-width: 494px) 100vw, 494px\" \/><\/a><\/p>\n<hr \/>\n<p>Warto przypomnie\u0107 kilka Jego my\u015bli, kt\u00f3re szczeg\u00f3lnie dzisiaj s\u0105 wa\u017cne i aktualne:<\/p>\n<p>&#8211; &#8222;Prawda jest\u00a0niez\u00admien\u00adna. Praw\u00addy\u00a0nie\u00a0da\u00a0si\u0119 zniszczy\u0107 tak\u0105 czy inn\u0105 decyzj\u0105, tak\u0105 czy inn\u0105 ustaw\u0105.&#8221;<\/p>\n<p>&#8211; \u00a0&#8222;Ma\u00admy wy\u00adpowiada\u0107 prawd\u0119, gdy in\u00adni mil\u00adcz\u0105. Wy\u00adra\u017ca\u0107\u00a0mi\u0142o\u015b\u0107 i\u00a0sza\u00adcunek, gdy in\u00adni siej\u0105 niena\u00adwi\u015b\u0107. Za\u00admil\u00adkn\u0105\u0107,\u00a0gdy in\u00adni m\u00f3wi\u0105. Mod\u00adli\u0107\u00a0si\u0119, gdy in\u00adni przek\u00adli\u00adnaj\u0105. Pom\u00f3c,\u00a0gdy in\u00adni nie\u00a0chc\u0105 te\u00adgo czy\u00adni\u0107. Prze\u00adbaczy\u0107,\u00a0gdy in\u00adni nie\u00a0pot\u00adra\u00adfi\u0105. Cie\u00adszy\u0107\u00a0si\u0119 \u017cyciem, gdy in\u00adni je\u00a0lekcewa\u017c\u0105.&#8221;<\/p>\n<p>W\u00a0rocznic\u0119 \u015bmierci \u00a0B\u0142ogos\u0142awionego M\u0119czennika, bp Micha\u0142 Janocha por\u00f3wnywa\u0142 dzia\u0142alno\u015b\u0107 i nauk\u0119 g\u0142oszon\u0105 przez ks. Jerzego w PRL z obecn\u0105 sytuacj\u0105 w naszym kraju. Pyta\u0142: &#8222;uczy\u0142e\u015b nas jak \u017cy\u0107 prawd\u0105 w \u015bwiecie prymitywnego k\u0142amstwa. A jak \u017cy\u0107 w \u015bwiecie sprymityzowanej prawdy? Jak \u017cy\u0107 w \u015bwiecie k\u0142amstwa bardziej wyrafinowanego, kt\u00f3re miesza si\u0119 z p\u00f3\u0142prawd\u0105, a nawet z sam\u0105 prawd\u0105? Czy umiemy je rozdziela\u0107? Uczy\u0142e\u015b, \u017ce prawda jest prawd\u0105, a k\u0142amstwo \u2013 k\u0142amstwem. Co by\u015b nam powiedzia\u0142 dzi\u015b, gdy mainstreamowa kultura zaciera r\u00f3\u017cnice mi\u0119dzy tym co wysokie, a tym co niskie, pomi\u0119dzy wznios\u0142o\u015bci\u0105 a nikczemno\u015bci\u0105, prawd\u0105 a k\u0142amstwem, pi\u0119knem a brzydot\u0105, dobrem a z\u0142em, a w rzeczywisto\u015bci oddziela stworzenie od Stw\u00f3rcy.<\/p>\n<p style=\"text-align: center;\">\u00a0<a href=\"http:\/\/www.umacieja.net\/blog\/wp-content\/uploads\/2015\/10\/Pielgrzymka-do-W-wy-133.jpg\"><br \/>\n<\/a><a href=\"http:\/\/www.umacieja.net\/blog\/wp-content\/uploads\/2015\/10\/Pielgrzymka-do-W-wy-133.jpg\"><img decoding=\"async\" loading=\"lazy\" class=\"aligncenter  wp-image-3190\" src=\"http:\/\/www.umacieja.net\/blog\/wp-content\/uploads\/2015\/10\/Pielgrzymka-do-W-wy-133-1024x768.jpg\" alt=\"Pielgrzymka do W-wy 133\" width=\"544\" height=\"408\" srcset=\"https:\/\/umacieja.net\/blog\/wp-content\/uploads\/2015\/10\/Pielgrzymka-do-W-wy-133-1024x768.jpg 1024w, https:\/\/umacieja.net\/blog\/wp-content\/uploads\/2015\/10\/Pielgrzymka-do-W-wy-133-300x225.jpg 300w, https:\/\/umacieja.net\/blog\/wp-content\/uploads\/2015\/10\/Pielgrzymka-do-W-wy-133.jpg 2048w\" sizes=\"(max-width: 544px) 100vw, 544px\" \/><\/a><\/p>\n<p style=\"text-align: left;\">Ale niestety i dzisiaj s\u0105 tacy, kt\u00f3rym prawda przeszkadza i jak za dawnych lat pragn\u0105 ingerowa\u0107 w to, co si\u0119 m\u00f3wi na kazaniu, poddawa\u0107 pod w\u0105tpliwo\u015b\u0107 tre\u015bci, kt\u00f3rych si\u0119 nie s\u0142ysza\u0142o, mie\u0107 pretensje, \u017ce kto\u015b nie wstydzi si\u0119 swojej wiary, \u017c\u0105da\u0107 usuni\u0119cia s\u0142\u00f3w prawdy ze strony internetowej. Czy\u017cby cenzura powr\u00f3ci\u0142a? B\u0142ogos\u0142awiony M\u0119czenniku m\u00f3dl si\u0119 za nami!<\/p>\n<p style=\"text-align: left;\">Polecam ciekawy artyku\u0142 o <a href=\"http:\/\/www.deon.pl\/po-godzinach\/historia-i-spoleczenstwo\/art,259,kaplan-osaczony.html\">Kap\u0142anie osaczonym<\/a>, oraz fragmenty <a href=\"http:\/\/diecezjaplocka.pl\/dla-wiernych\/aktualnosci\/102015\/obchody-31-rocznicy-smierci-bl-ks-jerzego-popieluszki\">homilii ks. Kanonika Tadeusza Koz\u0142owskiego<\/a>.<a href=\"http:\/\/www.umacieja.net\/blog\/wp-content\/uploads\/2015\/10\/Pielgrzymka-do-W-wy-068.jpg\"><br \/>\n<\/a><\/p>\n","protected":false},"excerpt":{"rendered":"<p>&nbsp; To ju\u017c 31 lat min\u0119\u0142o od pami\u0119tnego, smutnego, jesiennego wieczoru, gdy oprawcy na rozkaz komunistycznych w\u0142adz zamordowali ksi\u0119dza Jerzego (dzisiaj ciesz\u0105 si\u0119 wolno\u015bci\u0105 i przywilejami; cz\u0119sto uwa\u017ca si\u0119 ich za patriot\u00f3w!). By\u0142 rok 1984. Mia\u0142em wtedy 17 lat, uczy\u0142em si\u0119 w kl. II LO. Zapanowa\u0142 w\u015br\u00f3d nas niewyobra\u017calny b\u00f3l, bezradno\u015b\u0107, beznadzieja, bo wydawa\u0142o si\u0119 [&hellip;]<\/p>\n","protected":false},"author":1,"featured_media":0,"comment_status":"open","ping_status":"closed","sticky":false,"template":"","format":"standard","meta":{"ngg_post_thumbnail":0},"categories":[1],"tags":[],"_links":{"self":[{"href":"https:\/\/umacieja.net\/blog\/index.php?rest_route=\/wp\/v2\/posts\/3187"}],"collection":[{"href":"https:\/\/umacieja.net\/blog\/index.php?rest_route=\/wp\/v2\/posts"}],"about":[{"href":"https:\/\/umacieja.net\/blog\/index.php?rest_route=\/wp\/v2\/types\/post"}],"author":[{"embeddable":true,"href":"https:\/\/umacieja.net\/blog\/index.php?rest_route=\/wp\/v2\/users\/1"}],"replies":[{"embeddable":true,"href":"https:\/\/umacieja.net\/blog\/index.php?rest_route=%2Fwp%2Fv2%2Fcomments&post=3187"}],"version-history":[{"count":0,"href":"https:\/\/umacieja.net\/blog\/index.php?rest_route=\/wp\/v2\/posts\/3187\/revisions"}],"wp:attachment":[{"href":"https:\/\/umacieja.net\/blog\/index.php?rest_route=%2Fwp%2Fv2%2Fmedia&parent=3187"}],"wp:term":[{"taxonomy":"category","embeddable":true,"href":"https:\/\/umacieja.net\/blog\/index.php?rest_route=%2Fwp%2Fv2%2Fcategories&post=3187"},{"taxonomy":"post_tag","embeddable":true,"href":"https:\/\/umacieja.net\/blog\/index.php?rest_route=%2Fwp%2Fv2%2Ftags&post=3187"}],"curies":[{"name":"wp","href":"https:\/\/api.w.org\/{rel}","templated":true}]}}