{"id":3177,"date":"2015-10-20T09:30:19","date_gmt":"2015-10-20T07:30:19","guid":{"rendered":"http:\/\/www.umacieja.net\/blog\/?p=3177"},"modified":"2015-10-23T00:29:20","modified_gmt":"2015-10-22T22:29:20","slug":"pieknie-mieszkac-2","status":"publish","type":"post","link":"https:\/\/umacieja.net\/blog\/?p=3177","title":{"rendered":"Pi\u0119knie mieszka\u0107 (2)"},"content":{"rendered":"<p><a href=\"http:\/\/www.umacieja.net\/blog\/wp-content\/uploads\/2015\/10\/Tatry-09-15-277.jpg\"><img decoding=\"async\" loading=\"lazy\" class=\"aligncenter  wp-image-3178\" src=\"http:\/\/www.umacieja.net\/blog\/wp-content\/uploads\/2015\/10\/Tatry-09-15-277-1024x680.jpg\" alt=\"SONY DSC\" width=\"596\" height=\"395\" srcset=\"https:\/\/umacieja.net\/blog\/wp-content\/uploads\/2015\/10\/Tatry-09-15-277-1024x680.jpg 1024w, https:\/\/umacieja.net\/blog\/wp-content\/uploads\/2015\/10\/Tatry-09-15-277-300x199.jpg 300w\" sizes=\"(max-width: 596px) 100vw, 596px\" \/><\/a><\/p>\n<p style=\"text-align: justify;\">I jeszcze jedna my\u015bl, kt\u00f3ra zrodzi\u0142a si\u0119 na Kalat\u00f3wkach. G\u00f3ry maj\u0105 moc przemienia\u0107 ludzi. Wychodz\u0105c od si\u00f3str Albertynek mo\u017cna zatrzyma\u0107 si\u0119 na chwilk\u0119 przed \u00a0gablot\u0105. Tam przeczytamy pi\u0119kny tekst o g\u00f3rach i cz\u0142owieku g\u00f3r:<\/p>\n<p style=\"text-align: justify;\">&#8222;G\u00f3ry oczyszczaj\u0105 i wymagaj\u0105 oczyszczenia.\u00a0<span style=\"line-height: 1.5;\">G\u00f3ry oczyszczaj\u0105 z egoizmu i samolubstwa,\u00a0<\/span><span style=\"line-height: 1.5;\">z zarozumialstwa i pychy.\u00a0<\/span><span style=\"line-height: 1.5;\">G\u00f3ry stanowi\u0105 wspania\u0142y teren zdobywania\u00a0<\/span><span style=\"line-height: 1.5;\">wierno\u015bci w szukaniu.\u00a0<\/span><span style=\"line-height: 1.5;\">G\u00f3ry ucz\u0105 szukania, ucz\u0105 cierpliwo\u015bci.\u00a0<\/span><span style=\"line-height: 1.5;\">Oczyszczaj\u0105 z egoizmu,\u00a0<\/span><span style=\"line-height: 1.5;\">gdy trzeba si\u0119 dzieli\u0107 kawa\u0142kiem chleba, czy kostk\u0105 cukru,\u00a0<\/span><span style=\"line-height: 1.5;\">lub gdy trzeba rezygnowa\u0107 z w\u0142asnych plan\u00f3w,\u00a0<\/span><span style=\"line-height: 1.5;\">by ratowa\u0107 drugiego cz\u0119sto nieznanego cz\u0142owieka.\u00a0<\/span>Cz\u0142owiekiem g\u00f3r nie jest ten,\u00a0<span style=\"line-height: 1.5;\">kt\u00f3ry umie i lubi chodzi\u0107 po g\u00f3rach,\u00a0<\/span><span style=\"line-height: 1.5;\">ale ten, kt\u00f3ry g\u00f3rami potrafi \u017cy\u0107 w dolinach.\u00a0<\/span><span style=\"line-height: 1.5;\">Gdy cz\u0142owiek czuje si\u0119 jak karze\u0142 wobec ogromu g\u00f3r\u00a0<\/span><span style=\"line-height: 1.5;\">i gdy poznaj\u0105c samego siebie, swoje wn\u0119trze,\u00a0<\/span><span style=\"line-height: 1.5;\">swoje mo\u017cliwo\u015bci, swoj\u0105 niewystarczalno\u015b\u0107,\u00a0<\/span><span style=\"line-height: 1.5;\">zdobywa krok za krokiem jedn\u0105 z najcenniejszych cech ludzkich &#8211; pokor\u0119,\u00a0<\/span><span style=\"line-height: 1.5;\">kt\u00f3ra zdobyta w g\u00f3rach, potem owocuje w dolinach.\u00a0<\/span>W\u0142a\u015bnie wtedy kiedy na pytanie: po co chodzisz po g\u00f3rach? J<span style=\"line-height: 1.5;\">este\u015b zak\u0142opotany i nie wiesz, co masz odpowiedzie\u0107,\u00a0<\/span>o w\u0142a\u015bnie wtedy dajesz dow\u00f3d, \u017ce szukasz NIEZNANEGO.&#8221;<\/p>\n<p>Zapraszam na panoramiczn\u0105 w\u0119dr\u00f3wk\u0119 po g\u00f3rach <a href=\"http:\/\/www.umacieja.net\/blog\/?page_id=1193\">tutaj.<\/a><\/p>\n","protected":false},"excerpt":{"rendered":"<p>I jeszcze jedna my\u015bl, kt\u00f3ra zrodzi\u0142a si\u0119 na Kalat\u00f3wkach. G\u00f3ry maj\u0105 moc przemienia\u0107 ludzi. Wychodz\u0105c od si\u00f3str Albertynek mo\u017cna zatrzyma\u0107 si\u0119 na chwilk\u0119 przed \u00a0gablot\u0105. Tam przeczytamy pi\u0119kny tekst o g\u00f3rach i cz\u0142owieku g\u00f3r: &#8222;G\u00f3ry oczyszczaj\u0105 i wymagaj\u0105 oczyszczenia.\u00a0G\u00f3ry oczyszczaj\u0105 z egoizmu i samolubstwa,\u00a0z zarozumialstwa i pychy.\u00a0G\u00f3ry stanowi\u0105 wspania\u0142y teren zdobywania\u00a0wierno\u015bci w szukaniu.\u00a0G\u00f3ry ucz\u0105 szukania, [&hellip;]<\/p>\n","protected":false},"author":1,"featured_media":0,"comment_status":"open","ping_status":"closed","sticky":false,"template":"","format":"standard","meta":{"ngg_post_thumbnail":0},"categories":[1],"tags":[],"_links":{"self":[{"href":"https:\/\/umacieja.net\/blog\/index.php?rest_route=\/wp\/v2\/posts\/3177"}],"collection":[{"href":"https:\/\/umacieja.net\/blog\/index.php?rest_route=\/wp\/v2\/posts"}],"about":[{"href":"https:\/\/umacieja.net\/blog\/index.php?rest_route=\/wp\/v2\/types\/post"}],"author":[{"embeddable":true,"href":"https:\/\/umacieja.net\/blog\/index.php?rest_route=\/wp\/v2\/users\/1"}],"replies":[{"embeddable":true,"href":"https:\/\/umacieja.net\/blog\/index.php?rest_route=%2Fwp%2Fv2%2Fcomments&post=3177"}],"version-history":[{"count":0,"href":"https:\/\/umacieja.net\/blog\/index.php?rest_route=\/wp\/v2\/posts\/3177\/revisions"}],"wp:attachment":[{"href":"https:\/\/umacieja.net\/blog\/index.php?rest_route=%2Fwp%2Fv2%2Fmedia&parent=3177"}],"wp:term":[{"taxonomy":"category","embeddable":true,"href":"https:\/\/umacieja.net\/blog\/index.php?rest_route=%2Fwp%2Fv2%2Fcategories&post=3177"},{"taxonomy":"post_tag","embeddable":true,"href":"https:\/\/umacieja.net\/blog\/index.php?rest_route=%2Fwp%2Fv2%2Ftags&post=3177"}],"curies":[{"name":"wp","href":"https:\/\/api.w.org\/{rel}","templated":true}]}}