{"id":3167,"date":"2015-10-19T10:59:38","date_gmt":"2015-10-19T08:59:38","guid":{"rendered":"http:\/\/www.umacieja.net\/blog\/?p=3167"},"modified":"2015-10-19T20:47:35","modified_gmt":"2015-10-19T18:47:35","slug":"pieknie-mieszkac","status":"publish","type":"post","link":"https:\/\/umacieja.net\/blog\/?p=3167","title":{"rendered":"Pi\u0119knie mieszka\u0107"},"content":{"rendered":"<p style=\"text-align: justify;\"><a href=\"http:\/\/www.umacieja.net\/blog\/wp-content\/uploads\/2015\/10\/Tatry-2006-125.jpg\"><img decoding=\"async\" loading=\"lazy\" class=\"wp-image-3168 aligncenter\" src=\"http:\/\/www.umacieja.net\/blog\/wp-content\/uploads\/2015\/10\/Tatry-2006-125-1024x768.jpg\" alt=\"Tatry 2006 125\" width=\"492\" height=\"369\" srcset=\"https:\/\/umacieja.net\/blog\/wp-content\/uploads\/2015\/10\/Tatry-2006-125-1024x768.jpg 1024w, https:\/\/umacieja.net\/blog\/wp-content\/uploads\/2015\/10\/Tatry-2006-125-300x225.jpg 300w, https:\/\/umacieja.net\/blog\/wp-content\/uploads\/2015\/10\/Tatry-2006-125.jpg 2048w\" sizes=\"(max-width: 492px) 100vw, 492px\" \/><\/a>We wrze\u015bniu w Tatrach jest najpi\u0119kniej: bo pogoda dopisuje i nie ma t\u0142um\u00f3w. Mo\u017cna spokojnie pow\u0119drowa\u0107 i nie sta\u0107 w kolejkach, aby wej\u015b\u0107 na szczyt. Jednego dnia znalaz\u0142em si\u0119 w okolicach Kasprowego Wierchu. Godzina ju\u017c by\u0142a p\u00f3\u017ana, wi\u0119c postanowi\u0142em zjecha\u0107 kolejk\u0105. Mo\u017cna by\u0142o podziwia\u0107 pi\u0119kne widoki\u00a0na Giewont i Kalat\u00f3wki. Niekt\u00f3rzy pasa\u017cerowie kolejki, zapewne pierwszy raz ogl\u0105daj\u0105cy te krajobrazy, na g\u0142os wyra\u017cali swe zachwyty. Pod koniec jazdy kobieta pokazuje swojemu m\u0119\u017cowi wy\u0142aniaj\u0105ce si\u0119 zabudowania <a href=\"http:\/\/www.albertynki.pl\/index.php\">klasztoru si\u00f3str Albertynek<\/a> i pustelni \u015bw. Alberta Chmielowskiego. W zachwycie m\u00f3wi do niego:&#8221;Patrz! Jak tam kto\u015b pi\u0119knie mieszka!&#8221;. Pomy\u015bla\u0142em zaraz: celnie powiedziane.<\/p>\n<p style=\"text-align: justify;\">Kobieta z kolejki nie wiedzia\u0142a, \u017ce tam rzeczywi\u015bcie &#8222;pi\u0119knie&#8221; mieszkaj\u0105 siostry albertynki. Czym jest pi\u0119kno? W s\u0142owniku, zosta\u0142o okre\u015blone w nast\u0119puj\u0105cy spos\u00f3b: &#8222;pozytywna w\u0142a\u015bciwo\u015b\u0107 estetyczna bytu, wynikaj\u0105ca z zachowania proporcji, harmonii, barw, d\u017awi\u0119k\u00f3w, stosowno\u015bci, umiarze i u\u017cyteczno\u015bci, postrzeganych przez zmys\u0142y. Istnieje pi\u0119kno ideowe, duchowe, moralne, naturalne, cielesne, obiektywne i subiektywne&#8221;. Poj\u0119cie to jest zwi\u0105zane z estetyk\u0105, poj\u0119ciem dobra i prawdy.<\/p>\n<p style=\"text-align: justify;\">Nie chodzi tu tyle o pi\u0119kno rozumiane jako warto\u015b\u0107 estetyczna. Siostry mieszkaj\u0105 tam bardzo skromnie, nie pokazuj\u0105 si\u0119 \u015bwiatu, \u017cyj\u0105 za klauzur\u0105. Ale pi\u0119kny maj\u0105 <a href=\"http:\/\/www.albertynki.pl\/dzialalnosc.php\">charyzmat i pi\u0119knie dzia\u0142aj\u0105<\/a>. Poszed\u0142em do nich i przed <a href=\"http:\/\/umacieja.net\/galeria\/displayimage.php?album=1&amp;pos=6\">cudownym krzy\u017cem<\/a> odm\u00f3wi\u0142em koronk\u0119 do Mi\u0142osierdzia. Prosi\u0142em o to, aby umie\u0107 stawa\u0107 si\u0119 dobrym jak chleb.<\/p>\n<p style=\"text-align: justify;\">Postaw\u0119 s\u0142u\u017cebnej mi\u0142o\u015bci najpe\u0142niej ukazuje Chrystus w Eucharystii: <i>skoro jest Chlebem<\/i> &#8211; uczy \u015bw. Albert &#8211; <i>i my b\u0105d\u017amy chlebem. [&#8230;] Dawajmy siebie samych<\/i>. Chrze\u015bcijanin winien zatem cechowa\u0107 si\u0119 dobroci\u0105 na wz\u00f3r chleba. <i>Powinno si\u0119 by\u0107 dobrym jak chleb, kt\u00f3ry dla wszystkich le\u017cy na stole, z kt\u00f3rego ka\u017cdy mo\u017ce k\u0119s dla siebie ukroi\u0107 i nakarmi\u0107 si\u0119, je\u015bli jest g\u0142odny.&#8221;<\/i><\/p>\n<p style=\"text-align: justify;\">Tatry i \u015bwi\u0119ci ucz\u0105 nas nieustannie jak \u017cy\u0107. Pi\u0119knie \u017cy\u0107, to by\u0107 dobrym jak chleb. Czy pi\u0119knie mieszkasz&#8230;?<\/p>\n","protected":false},"excerpt":{"rendered":"<p>We wrze\u015bniu w Tatrach jest najpi\u0119kniej: bo pogoda dopisuje i nie ma t\u0142um\u00f3w. Mo\u017cna spokojnie pow\u0119drowa\u0107 i nie sta\u0107 w kolejkach, aby wej\u015b\u0107 na szczyt. Jednego dnia znalaz\u0142em si\u0119 w okolicach Kasprowego Wierchu. Godzina ju\u017c by\u0142a p\u00f3\u017ana, wi\u0119c postanowi\u0142em zjecha\u0107 kolejk\u0105. Mo\u017cna by\u0142o podziwia\u0107 pi\u0119kne widoki\u00a0na Giewont i Kalat\u00f3wki. Niekt\u00f3rzy pasa\u017cerowie kolejki, zapewne pierwszy raz [&hellip;]<\/p>\n","protected":false},"author":1,"featured_media":0,"comment_status":"open","ping_status":"closed","sticky":false,"template":"","format":"standard","meta":{"ngg_post_thumbnail":0},"categories":[1],"tags":[],"_links":{"self":[{"href":"https:\/\/umacieja.net\/blog\/index.php?rest_route=\/wp\/v2\/posts\/3167"}],"collection":[{"href":"https:\/\/umacieja.net\/blog\/index.php?rest_route=\/wp\/v2\/posts"}],"about":[{"href":"https:\/\/umacieja.net\/blog\/index.php?rest_route=\/wp\/v2\/types\/post"}],"author":[{"embeddable":true,"href":"https:\/\/umacieja.net\/blog\/index.php?rest_route=\/wp\/v2\/users\/1"}],"replies":[{"embeddable":true,"href":"https:\/\/umacieja.net\/blog\/index.php?rest_route=%2Fwp%2Fv2%2Fcomments&post=3167"}],"version-history":[{"count":0,"href":"https:\/\/umacieja.net\/blog\/index.php?rest_route=\/wp\/v2\/posts\/3167\/revisions"}],"wp:attachment":[{"href":"https:\/\/umacieja.net\/blog\/index.php?rest_route=%2Fwp%2Fv2%2Fmedia&parent=3167"}],"wp:term":[{"taxonomy":"category","embeddable":true,"href":"https:\/\/umacieja.net\/blog\/index.php?rest_route=%2Fwp%2Fv2%2Fcategories&post=3167"},{"taxonomy":"post_tag","embeddable":true,"href":"https:\/\/umacieja.net\/blog\/index.php?rest_route=%2Fwp%2Fv2%2Ftags&post=3167"}],"curies":[{"name":"wp","href":"https:\/\/api.w.org\/{rel}","templated":true}]}}