{"id":3159,"date":"2015-09-30T21:03:59","date_gmt":"2015-09-30T19:03:59","guid":{"rendered":"http:\/\/www.umacieja.net\/blog\/?p=3159"},"modified":"2015-10-01T14:27:30","modified_gmt":"2015-10-01T12:27:30","slug":"kryzys-rodziny-kryzys-powolan","status":"publish","type":"post","link":"https:\/\/umacieja.net\/blog\/?p=3159","title":{"rendered":"Kryzys rodziny? Kryzys powo\u0142a\u0144?"},"content":{"rendered":"<p><a href=\"http:\/\/www.umacieja.net\/blog\/wp-content\/uploads\/2015\/09\/sam_0242.jpg\"><img decoding=\"async\" loading=\"lazy\" class=\"aligncenter  wp-image-3160\" src=\"http:\/\/www.umacieja.net\/blog\/wp-content\/uploads\/2015\/09\/sam_0242.jpg\" alt=\"sam_0242\" width=\"403\" height=\"537\" srcset=\"https:\/\/umacieja.net\/blog\/wp-content\/uploads\/2015\/09\/sam_0242.jpg 450w, https:\/\/umacieja.net\/blog\/wp-content\/uploads\/2015\/09\/sam_0242-225x300.jpg 225w\" sizes=\"(max-width: 403px) 100vw, 403px\" \/><\/a>M\u00f3wi si\u0119 ostatnio o panuj\u0105cych kryzysach rodzin, rozpadaj\u0105cych si\u0119 ma\u0142\u017ce\u0144stwach, \u00a0spadaj\u0105cej liczbie powo\u0142a\u0144. Przypomnia\u0142em sobie s\u0142owo &#8211; \u015bwiadectwo Parafianki, kt\u00f3ra prze\u017cywa swe \u017cycie w zakonie kontemplacyjnym Klarysek. Jest ono odpowiedzi\u0105 na dzisiejsze kryzysy. Cytuj\u0119: <em>&#8222;Bo to nie podr\u00f3\u017ce, pieni\u0105dze, pi\u0119kne stroje i inne atrakcje dzisiejszego \u015bwiata daj\u0105 rado\u015b\u0107 i szcz\u0119\u015bcie. Prawdziw\u0105 rado\u015b\u0107 daje tylko B\u00f3g.&#8221;<\/em><\/p>\n<p><strong>Sk\u0105d tyle nieszcz\u0119\u015b\u0107 i kryzys\u00f3w dzisiaj u nas? Bo zabrak\u0142o Boga, modlitwy, Eucharystii, spowiedzi, przebaczenia. <\/strong><\/p>\n<p>W Roku \u017bycia Konsekrowanego warto przeczyta\u0107 \u015bwiadectwo s. M. Agnieszki Burak, pochodz\u0105cej z parafii pw. Wniebowzi\u0119cia NMP w Dulsku.<\/p>\n<p>&#8222;Wieczorna cisza klasztornej celi zach\u0119ca i przypomina o obiecanej \u201epracy domowej\u201d. Komu? To oczywiste! Wszyscy interesuj\u0105cy si\u0119 Dulskiem i jego przemili mieszka\u0144cy wiedz\u0105 kto ma mn\u00f3stwo ciekawych pomys\u0142\u00f3w. S\u0142owo si\u0119 rzek\u0142o, a wi\u0119c do dzie\u0142a. Oczywi\u015bcie z rado\u015bci\u0105.<\/p>\n<p style=\"text-align: justify;\">Dla wielu ludzi klasztor kontemplacyjno- klauzurowy, w kt\u00f3rym przebywam jest tajemniczym, wr\u0119cz egzotycznym miejscem. Nic dziwnego. Dla mnie te\u017c takim by\u0142. Mur wok\u00f3\u0142 klasztornego ogrodu, kraty w rozm\u00f3wnicy, ograniczony kontakt z lud\u017ami czyni\u0105 klasztor niedost\u0119pnym i nieznanym dla os\u00f3b z zewn\u0105trz. Niewielu mo\u017ce wej\u015b\u0107 do \u015brodka. Chc\u0119 Was zaprosi\u0107 do \u201ezajrzenia\u201d za klauzur\u0119 i pos\u0142uchania \u201eco w trawie piszczy\u201d. Spr\u00f3bujcie wyobrazi\u0107 sobie, \u017ce wchodzicie do klasztornej rozm\u00f3wnicy. Za krat\u0105 pojawia si\u0119 u\u015bmiechni\u0119ta mniszka. Nie zach\u0119cam Was do przychodzenia tu tylko z ciekawo\u015bci. O co jednak chcieliby\u015bcie j\u0105 zapyta\u0107? Teraz kolej na moj\u0105 wyobra\u017ani\u0119. Spr\u00f3buj\u0119 odgadn\u0105\u0107. Dlaczego mimo oddzielenia od \u015bwiata i krat jeste\u015bcie radosne?<br \/>\nBo to nie podr\u00f3\u017ce , pieni\u0105dze, pi\u0119kne stroje i inne atrakcje dzisiejszego \u015bwiata daj\u0105 rado\u015b\u0107 i szcz\u0119\u015bcie. Prawdziw\u0105 rado\u015b\u0107 daje tylko B\u00f3g. Nasz za\u0142o\u017cyciel \u015bw. Franciszek mimo chor\u00f3b, \u015blepoty, skrajnego ub\u00f3stwa (z wyboru) i stygmat\u00f3w zawsze radowa\u0142 si\u0119 w Bogu i innych do rado\u015bci zach\u0119ca\u0142. Bo szcz\u0119\u015bcie to \u201eco\u015b\u201d w g\u0142\u0119bi serca i nie zale\u017cy tylko od tego jak nam si\u0119 w \u017cyciu uk\u0142ada.<br \/>\n<strong>Co wy tu robicie?<\/strong><br \/>\nNaszym g\u0142\u00f3wnym powo\u0142aniem jest uwielbianie Boga, s\u0142uchanie Jego S\u0142owa i modlitwa za naszych braci i siostry w \u015bwiecie, za kap\u0142an\u00f3w. Uwielbiamy Boga tak\u017ce za tych, kt\u00f3rzy o Nim zapominaj\u0105, lub poch\u0142oni\u0119ci prac\u0105 i trudami dnia codziennego nie znajduj\u0105 czasu na d\u0142u\u017csz\u0105 modlitw\u0119.<br \/>\n\u015aw. Klara okre\u015bla nasze zadanie : \u201ebycie pomocnicami Boga podnosz\u0105cymi upadaj\u0105ce cz\u0142onki Jego Cia\u0142a- Ko\u015bcio\u0142a\u201d.<br \/>\n<strong>Czy nie by\u0142oby lepiej dzia\u0142a\u0107, robi\u0107 co\u015b po\u017cytecznego?<\/strong><br \/>\nNie, bo w \u015bwiecie musi by\u0107 r\u00f3wnowaga kontemplacji i dzia\u0142ania. A dzisiejszy \u015bwiat poch\u0142oni\u0119ty aktywizmem i samorealizacj\u0105 o tym zapomina.<br \/>\n\u015aw. Teresa uwa\u017ca\u0142a zakony kontemplacyjne za serce Ko\u015bcio\u0142a. A bez serca nie by\u0142oby \u017cycia- prawdziwego \u017cycia-o\u017cywionego mi\u0142o\u015bci\u0105 i modlitw\u0105, ukierunkowanego na Boga, a tylko puste, pe\u0142ne ha\u0142asu i po\u015bpiechu dzia\u0142anie. Przypominamy zabieganemu \u015bwiatu, \u017ce czasem trzeba si\u0119 zatrzyma\u0107 i spojrze\u0107 w g\u00f3r\u0119 i \u017ce \u015bwiat nie kr\u0119ci si\u0119 wok\u00f3\u0142 naszego \u201eja\u201d, lecz centrum tym jest B\u00f3g.<br \/>\n<strong>Czy uciek\u0142y\u015bcie od \u015bwiata?<\/strong><br \/>\nI tak i nie. Tak, bo \u201euciek\u0142y\u015bmy\u201d, by bardziej po\u015bwi\u0119ci\u0107 si\u0119 modlitwie i sprawom Bo\u017cym.<br \/>\nNie , bo przez to \u2013 cho\u0107 w inny spos\u00f3b \u2013 jeste\u015bmy bli\u017cej ludzi. W naszych sercach mieszcz\u0105 si\u0119 wszystkie ludzkie troski i problemy. Zanosimy je Jezusowi obecnemu w Naj\u015bwi\u0119tszym Sakramencie. M\u00f3wi si\u0119 czasem, \u017ce siostry klauzurowe wszystko wiedz\u0105. To oczywi\u015bcie przesada, ale co\u015b w tym jest. To Wy m\u00f3wicie nam o swoich rado\u015bciach i smutkach, o problemach n\u0119kaj\u0105cych dzisiejsze spo\u0142ecze\u0144stwo i rodziny. Prosicie nas o wys\u0142uchanie, rad\u0119, modlitw\u0119. Czemu w\u0142a\u015bnie nas? Bo ka\u017cdy potrzebuje nadziei, Bo\u017cego spojrzenia na swoje \u017cycie, z innej perspektywy. A my cieszymy si\u0119 b\u0119d\u0105c wam potrzebne.<br \/>\n<strong>Czy \u0142atwo jest \u017cy\u0107 we wsp\u00f3lnocie? Czy zdarzaj\u0105 si\u0119 mi\u0119dzy wami nieporozumienia?<\/strong><br \/>\nJeste\u015bmy tylko lud\u017ami (cho\u0107 niekt\u00f3rzy \u201eprzyczepiaj\u0105\u201d nam skrzyd\u0142a), wi\u0119c i to mo\u017ce si\u0119 zdarzy\u0107. Codzienna praca nad w\u0142asnym charakterem pomaga nam stawa\u0107 si\u0119 lepszymi. Staramy si\u0119 zawsze sobie przebacza\u0107, nie nosi\u0107 w sercu urazy, niech\u0119ci do nikogo, okazywa\u0107 sobie \u017cyczliwo\u015b\u0107, zrozumienie i pomoc.<br \/>\nTo tak\u017ce dobra propozycja dla ma\u0142\u017ce\u0144stw i rodzin.<br \/>\nJaki jest program dnia?<br \/>\n5.00- budzenie<br \/>\n5.25- modlitwy poranne, Jutrznia<br \/>\n6.00- rozmy\u015blanie<br \/>\n7.00- Msza \u015awi\u0119ta. Godzina przedpo\u0142udniowa, \u015bniadanie<br \/>\n9.00- praca w wyznaczonych obowi\u0105zkach<br \/>\n11.45- rachunek sumienia. Godzina po\u0142udniowa i popo\u0142udniowa<br \/>\n12.20- obiad (podczas posi\u0142k\u00f3w zazwyczaj s\u0142uchamy lektury duchowej),<br \/>\nnawiedzenie Naj\u015bwi\u0119tszego Sakramentu,<br \/>\nmycie naczy\u0144 i chwila wolnego czasu<br \/>\n14.00- r\u00f3\u017caniec<br \/>\n14.30- czytanie duchowe, praca, czasami kapitu\u0142y, rewizje \u017cycia, pr\u00f3by \u015bpiewu na Liturgi\u0119<br \/>\n16.30- Godzina czyta\u0144 z Nieszporami<br \/>\n17.30- Adoracja Naj\u015bwi\u0119tszego Sakramentu<br \/>\n18.30- kolacja ,po niej rekreacja, czyli czas na swobodn\u0105 rozmow\u0119 np. w ogrodzie<br \/>\n19.45- koronka do Mi\u0142osierdzia Bo\u017cego<br \/>\nKompleta<br \/>\nInne modlitwy i rozwa\u017canie czyta\u0144 na nast\u0119pny dzie\u0144.<br \/>\nCzas wolny. Obowi\u0105zuje cisza.<br \/>\nNiedzielny program jest troch\u0119 inny.<br \/>\nJak wida\u0107, nie ma czasu na nud\u0119.<br \/>\n<strong>Co jest charakterystyczne dla waszej duchowo\u015bci?<\/strong><br \/>\nNasi za\u0142o\u017cyciele \u015bw. Franciszek i \u015bw. Klara szczeg\u00f3lnie na\u015bladowali ub\u00f3stwo i pokor\u0119 Jezusa. Bycie ubogim znaczy\u0142o dla nich tak\u017ce bycie \u201emniejszym\u201d; nie wynosi\u0107 si\u0119 ponad innych, wszelkie dobro i talenty odnosi\u0107 do Boga- ich Dawcy; nie pragn\u0105\u0107 by\u0107 \u201ekim\u015b\u201d w oczach innych, bo \u201ecz\u0142owiek jest tylko tym, czym jest w oczach Boga i niczym wi\u0119cej\u201d. To dawa\u0142o im prawdziw\u0105 wolno\u015b\u0107.<br \/>\nMy, cho\u0107 nieudolnie, staramy si\u0119 te\u017c tak \u017cy\u0107.<\/p>\n<p style=\"text-align: justify;\">Wielu ludziom Franciszek kojarzy si\u0119 z mi\u0142o\u015bci\u0105 do stworze\u0144. Znane s\u0105 jego rozmowy z ptakami, oswojenie wilka, zbieranie z drogi robaczk\u00f3w, by nie zosta\u0142y zdeptane. Dzi\u015b jednak zapomina si\u0119 o jego g\u0142\u0119bszej intuicji. W stworzeniu widzia\u0142 Stw\u00f3rc\u0119, pi\u0119kno przyrody zach\u0119ca\u0142o go do chwalenia Boga i przypomina\u0142o o Jego mi\u0142o\u015bci: B\u00f3g stworzy\u0142 to dla mnie, Jego dar musz\u0119 przyj\u0105\u0107 z szacunkiem i wdzi\u0119czno\u015bci\u0105.<\/p>\n<p style=\"text-align: justify;\">Chyba ju\u017c wystarczy pyta\u0144. Zapomnia\u0142am doda\u0107 gdzie znajduj\u0105 si\u0119 Miedniewice. Na Nizinie Mazowieckiej, niedaleko \u017byrardowa i Niepokalanowa, na skraju Puszczy Bolimowskiej. O ciekawej historii tej miejscowo\u015bci i Sanktuarium \u015awi\u0119tej Rodziny mo\u017cna przeczyta\u0107 na stronie www.miedniewice.franciszkanie.pl. Z klasztoru mo\u017cemy podziwia\u0107 las, ale powiem Wam w tajemnicy, \u017ce okolice Dulska s\u0105 o wiele pi\u0119kniejsze. Czasem t\u0119skni\u0119 za tym krajobrazem i troch\u0119 Wam zazdroszcz\u0119\u2026<br \/>\nNiech Pan rozpromieni Swoje oblicze nad Wami i obdarzy Was pokojem!\u00a0Ogarniam Was modlitw\u0105&#8221;<br \/>\ns. M. Agnieszka Burak,\u00a0klaryska<\/p>\n<p style=\"text-align: justify;\">Czy znajd\u0105 si\u0119 na\u015bladowcy? Czy zrozumiemy w ko\u0144cu, \u017ce bez Boga, ani do proga&#8230;?<\/p>\n<p>&nbsp;<\/p>\n","protected":false},"excerpt":{"rendered":"<p>M\u00f3wi si\u0119 ostatnio o panuj\u0105cych kryzysach rodzin, rozpadaj\u0105cych si\u0119 ma\u0142\u017ce\u0144stwach, \u00a0spadaj\u0105cej liczbie powo\u0142a\u0144. Przypomnia\u0142em sobie s\u0142owo &#8211; \u015bwiadectwo Parafianki, kt\u00f3ra prze\u017cywa swe \u017cycie w zakonie kontemplacyjnym Klarysek. Jest ono odpowiedzi\u0105 na dzisiejsze kryzysy. Cytuj\u0119: &#8222;Bo to nie podr\u00f3\u017ce, pieni\u0105dze, pi\u0119kne stroje i inne atrakcje dzisiejszego \u015bwiata daj\u0105 rado\u015b\u0107 i szcz\u0119\u015bcie. Prawdziw\u0105 rado\u015b\u0107 daje tylko B\u00f3g.&#8221; [&hellip;]<\/p>\n","protected":false},"author":1,"featured_media":0,"comment_status":"open","ping_status":"closed","sticky":false,"template":"","format":"standard","meta":{"ngg_post_thumbnail":0},"categories":[1],"tags":[],"_links":{"self":[{"href":"https:\/\/umacieja.net\/blog\/index.php?rest_route=\/wp\/v2\/posts\/3159"}],"collection":[{"href":"https:\/\/umacieja.net\/blog\/index.php?rest_route=\/wp\/v2\/posts"}],"about":[{"href":"https:\/\/umacieja.net\/blog\/index.php?rest_route=\/wp\/v2\/types\/post"}],"author":[{"embeddable":true,"href":"https:\/\/umacieja.net\/blog\/index.php?rest_route=\/wp\/v2\/users\/1"}],"replies":[{"embeddable":true,"href":"https:\/\/umacieja.net\/blog\/index.php?rest_route=%2Fwp%2Fv2%2Fcomments&post=3159"}],"version-history":[{"count":0,"href":"https:\/\/umacieja.net\/blog\/index.php?rest_route=\/wp\/v2\/posts\/3159\/revisions"}],"wp:attachment":[{"href":"https:\/\/umacieja.net\/blog\/index.php?rest_route=%2Fwp%2Fv2%2Fmedia&parent=3159"}],"wp:term":[{"taxonomy":"category","embeddable":true,"href":"https:\/\/umacieja.net\/blog\/index.php?rest_route=%2Fwp%2Fv2%2Fcategories&post=3159"},{"taxonomy":"post_tag","embeddable":true,"href":"https:\/\/umacieja.net\/blog\/index.php?rest_route=%2Fwp%2Fv2%2Ftags&post=3159"}],"curies":[{"name":"wp","href":"https:\/\/api.w.org\/{rel}","templated":true}]}}