{"id":3114,"date":"2015-09-18T17:01:04","date_gmt":"2015-09-18T15:01:04","guid":{"rendered":"http:\/\/www.umacieja.net\/blog\/?p=3114"},"modified":"2015-09-18T20:49:33","modified_gmt":"2015-09-18T18:49:33","slug":"atrybuty","status":"publish","type":"post","link":"https:\/\/umacieja.net\/blog\/?p=3114","title":{"rendered":"Wsp\u00f3\u0142czesne atrybuty: piwo i telefon"},"content":{"rendered":"<p style=\"text-align: left;\">\u00a0<a href=\"http:\/\/www.umacieja.net\/blog\/wp-content\/uploads\/2015\/09\/normal_Obraz_\u015bw__Barbary_001.jpg\"><img decoding=\"async\" loading=\"lazy\" class=\"wp-image-3116\" src=\"http:\/\/www.umacieja.net\/blog\/wp-content\/uploads\/2015\/09\/normal_Obraz_\u015bw__Barbary_001.jpg\" alt=\"normal_Obraz_\u015bw__Barbary_001\" width=\"319\" height=\"415\" srcset=\"https:\/\/umacieja.net\/blog\/wp-content\/uploads\/2015\/09\/normal_Obraz_\u015bw__Barbary_001.jpg 491w, https:\/\/umacieja.net\/blog\/wp-content\/uploads\/2015\/09\/normal_Obraz_\u015bw__Barbary_001-230x300.jpg 230w\" sizes=\"(max-width: 319px) 100vw, 319px\" \/><\/a><a href=\"http:\/\/www.umacieja.net\/blog\/wp-content\/uploads\/2015\/09\/Kongres-Misyjny-2015-247.jpg\"><img decoding=\"async\" loading=\"lazy\" class=\"  wp-image-3115 alignleft\" src=\"http:\/\/www.umacieja.net\/blog\/wp-content\/uploads\/2015\/09\/Kongres-Misyjny-2015-247-1024x680.jpg\" alt=\"SONY DSC\" width=\"322\" height=\"214\" srcset=\"https:\/\/umacieja.net\/blog\/wp-content\/uploads\/2015\/09\/Kongres-Misyjny-2015-247-1024x680.jpg 1024w, https:\/\/umacieja.net\/blog\/wp-content\/uploads\/2015\/09\/Kongres-Misyjny-2015-247-300x199.jpg 300w\" sizes=\"(max-width: 322px) 100vw, 322px\" \/><\/a><\/p>\n<p style=\"text-align: justify;\">\u015awi\u0119ci ukazywani na obrazach i w rze\u017abach maj\u0105 atrybuty, czyli symbole po kt\u00f3rych mo\u017cna ich rozpozna\u0107, kt\u00f3re m\u00f3wi\u0105 co\u015b o \u017cyciorysie konkretnego \u015bwi\u0119tego. M\u0119czennicy z naszego ko\u015bcio\u0142a: Tekla, Barbara, Jan Nepomucen trzymaj\u0105 w d\u0142oni krzy\u017c i palm\u0119 &#8211; symbol m\u0119cze\u0144stwa. Patron rolnik\u00f3w &#8211; \u015bw. Roch przedstawiany jest z pieskiem u nogi. Dzieci zwr\u00f3ci\u0142y szczeg\u00f3ln\u0105 uwag\u0119 na atrybuty \u015bw. Tekli: w\u0119\u017ce, lwa i ognisko.<\/p>\n<p style=\"text-align: justify;\">W tym tygodniu przyjecha\u0142a do nas \u015bw. Barbara po &#8222;kuracji&#8221; konserwatorskiej i nam wypi\u0119knia\u0142a! Obraz przedstawia jej atrybuty: kielich\u00a0 z hosti\u0105, miecz, wie\u017c\u0119. One opowiadaj\u0105 o jej \u017cyciu. Warto poczyta\u0107 <a href=\"http:\/\/www.brewiarz.pl\/czytelnia\/swieci\/12-04b.php3\">jej \u017cyciorys<\/a>. Nigdzie natomiast nie spotka\u0142em przedstawienia \u015bw. Barbary z atrybutem p\u00f3\u0142ksi\u0119\u017cyca, kt\u00f3ry widnieje na naszym obrazie, w tle, tu\u017c za kielichem. Czy\u017cby to znak naszych czas\u00f3w? Tego co zaczyna si\u0119 dzia\u0107 na naszych oczach w Europie? Chodzi o islamizacj\u0119, bo przecie\u017c p\u00f3\u0142ksi\u0119\u017cyc, to symbol islamu! \u015aw. Barbara zgin\u0119\u0142a za wiar\u0119 chrze\u015bcija\u0144sk\u0105 w dzisiejszej Turcji z r\u0105k w\u0142asnego ojca &#8211; poganina.\u00a0 Ale okazuje si\u0119 tak\u017ce, \u017ce w chrze\u015bcija\u0144stwie wschodnim p\u00f3\u0142ksi\u0119\u017cyc symbolizowa\u0142 zwyci\u0119stwo chrze\u015bcija\u0144stwa nad poga\u0144stwem. Wi\u0119c niech b\u0119dzie nasz\u0105 opiekunk\u0105 i przewodniczk\u0105 w trosce o rozw\u00f3j wiary chrze\u015bcija\u0144skiej.<\/p>\n<p style=\"text-align: justify;\">Niedawno sp\u0142ywa\u0142em kajakiem po Drw\u0119cy. Pi\u0119kna rzeka i cudne okoliczno\u015bci przyrody! Cisza jaka tam panuje nadaje si\u0119 do medytacji. Niestety w pewnym momencie zosta\u0142a zak\u0142\u00f3cona przez grup\u0119 &#8222;turyst\u00f3w&#8221;, kt\u00f3rzy p\u0142yn\u0105c kajakami, w r\u0119kach trzymali niekoniecznie wios\u0142o, ale puszk\u0119 piwa! I wydawali przy tym nieludzkie d\u017awi\u0119ki. To cz\u0119sty obrazek przy wiejskich sklepach (przypomina si\u0119 s\u0142ynna \u0142aweczka w &#8222;Ranczo&#8221;). Gdyby dzisiaj kto\u015b namalowa\u0142 obraz cz\u0142owieka wsp\u00f3\u0142czesnego, to jego atrybutem niew\u0105tpliwie by\u0142aby puszka piwa! Chocia\u017c i \u015bw. J\u00f3zef z naszego g\u0142\u00f3wnego o\u0142tarza (jak si\u0119 okaza\u0142o podczas prac konserwatorskich) mia\u0142 lili\u0119 zrobion\u0105 z puszki po piwie marki EB (co \u015bwiadczy, \u017ce kto\u015b j\u0105 wr\u0119czy\u0142 J\u00f3zefowi w latach 90 &#8211; tych XX wieku, gdy ta marka by\u0142a dost\u0119pna. Takiego to odkrycia dokonali\u015bmy ostatnio.<\/p>\n<p style=\"text-align: justify;\">Na pewno atrybutem naszych czas\u00f3w s\u0105 wszechobecne tablety, telefony kom\u00f3rkowe, smartfony. Wystarczy popatrze\u0107 na m\u0142ode pokolenie, kt\u00f3re powraca za szk\u00f3\u0142: pieszo, rowerami, autobusami. Niemal\u017ce ka\u017cdy trzyma w r\u0119ku to urz\u0105dzenie mobilne. To cz\u0119sty obraz obecnie: idzie obok siebie kilka os\u00f3b, albo czekaj\u0105c na posi\u0142ek w restauracji, nie potrafi\u0105 rozmawia\u0107 ze sob\u0105, tylko ka\u017cdy jest zaj\u0119ty swoim urz\u0105dzeniem. Znaki czasu?<\/p>\n<p style=\"text-align: left;\">\n","protected":false},"excerpt":{"rendered":"<p>\u00a0 \u015awi\u0119ci ukazywani na obrazach i w rze\u017abach maj\u0105 atrybuty, czyli symbole po kt\u00f3rych mo\u017cna ich rozpozna\u0107, kt\u00f3re m\u00f3wi\u0105 co\u015b o \u017cyciorysie konkretnego \u015bwi\u0119tego. M\u0119czennicy z naszego ko\u015bcio\u0142a: Tekla, Barbara, Jan Nepomucen trzymaj\u0105 w d\u0142oni krzy\u017c i palm\u0119 &#8211; symbol m\u0119cze\u0144stwa. Patron rolnik\u00f3w &#8211; \u015bw. Roch przedstawiany jest z pieskiem u nogi. Dzieci zwr\u00f3ci\u0142y szczeg\u00f3ln\u0105 [&hellip;]<\/p>\n","protected":false},"author":1,"featured_media":0,"comment_status":"open","ping_status":"closed","sticky":false,"template":"","format":"standard","meta":{"ngg_post_thumbnail":0},"categories":[1],"tags":[],"_links":{"self":[{"href":"https:\/\/umacieja.net\/blog\/index.php?rest_route=\/wp\/v2\/posts\/3114"}],"collection":[{"href":"https:\/\/umacieja.net\/blog\/index.php?rest_route=\/wp\/v2\/posts"}],"about":[{"href":"https:\/\/umacieja.net\/blog\/index.php?rest_route=\/wp\/v2\/types\/post"}],"author":[{"embeddable":true,"href":"https:\/\/umacieja.net\/blog\/index.php?rest_route=\/wp\/v2\/users\/1"}],"replies":[{"embeddable":true,"href":"https:\/\/umacieja.net\/blog\/index.php?rest_route=%2Fwp%2Fv2%2Fcomments&post=3114"}],"version-history":[{"count":0,"href":"https:\/\/umacieja.net\/blog\/index.php?rest_route=\/wp\/v2\/posts\/3114\/revisions"}],"wp:attachment":[{"href":"https:\/\/umacieja.net\/blog\/index.php?rest_route=%2Fwp%2Fv2%2Fmedia&parent=3114"}],"wp:term":[{"taxonomy":"category","embeddable":true,"href":"https:\/\/umacieja.net\/blog\/index.php?rest_route=%2Fwp%2Fv2%2Fcategories&post=3114"},{"taxonomy":"post_tag","embeddable":true,"href":"https:\/\/umacieja.net\/blog\/index.php?rest_route=%2Fwp%2Fv2%2Ftags&post=3114"}],"curies":[{"name":"wp","href":"https:\/\/api.w.org\/{rel}","templated":true}]}}