{"id":3106,"date":"2015-09-06T19:48:05","date_gmt":"2015-09-06T17:48:05","guid":{"rendered":"http:\/\/www.umacieja.net\/blog\/?p=3106"},"modified":"2015-09-06T19:48:05","modified_gmt":"2015-09-06T17:48:05","slug":"ucalowalem-i-dotknalem-znaku-milosci","status":"publish","type":"post","link":"https:\/\/umacieja.net\/blog\/?p=3106","title":{"rendered":"Uca\u0142owa\u0142em i dotkn\u0105\u0142em znaku mi\u0142o\u015bci"},"content":{"rendered":"<p><a href=\"http:\/\/www.umacieja.net\/blog\/wp-content\/uploads\/2015\/09\/SYMBOLE-SDM-012.jpg\"><img decoding=\"async\" loading=\"lazy\" class=\"wp-image-3107 alignleft\" src=\"http:\/\/www.umacieja.net\/blog\/wp-content\/uploads\/2015\/09\/SYMBOLE-SDM-012.jpg\" alt=\"SONY DSC\" width=\"283\" height=\"427\" srcset=\"https:\/\/umacieja.net\/blog\/wp-content\/uploads\/2015\/09\/SYMBOLE-SDM-012.jpg 398w, https:\/\/umacieja.net\/blog\/wp-content\/uploads\/2015\/09\/SYMBOLE-SDM-012-199x300.jpg 199w\" sizes=\"(max-width: 283px) 100vw, 283px\" \/><\/a><a href=\"http:\/\/www.umacieja.net\/blog\/wp-content\/uploads\/2015\/09\/SYMBOLE-SDM-014.jpg\"><img decoding=\"async\" loading=\"lazy\" class=\"aligncenter  wp-image-3109\" src=\"http:\/\/www.umacieja.net\/blog\/wp-content\/uploads\/2015\/09\/SYMBOLE-SDM-014.jpg\" alt=\"SONY DSC\" width=\"285\" height=\"429\" srcset=\"https:\/\/umacieja.net\/blog\/wp-content\/uploads\/2015\/09\/SYMBOLE-SDM-014.jpg 398w, https:\/\/umacieja.net\/blog\/wp-content\/uploads\/2015\/09\/SYMBOLE-SDM-014-199x300.jpg 199w\" sizes=\"(max-width: 285px) 100vw, 285px\" \/><\/a>Dzisiaj spotka\u0142 mnie wielki zaszczyt i rado\u015b\u0107, \u017ce mog\u0142em w parafii Dobrzy\u0144 n. Drw\u0119c\u0105 uca\u0142owa\u0107 ten w\u0119druj\u0105cy krzy\u017c, kt\u00f3ry podarowa\u0142 nam w 1984 roku \u015bw. Jan Pawe\u0142 II. Powiedzia\u0142 wtedy do nas (mia\u0142em w\u00f3wczas 17 lat): \u201eDroga m\u0142odzie\u017cy, na zako\u0144czenie Roku \u015awi\u0119tego powierzam wam znak tego Roku Jubileuszowego: Krzy\u017c Chrystusa! Nie\u015bcie go na ca\u0142y \u015bwiat jako znak mi\u0142o\u015bci Pana Jezusa do ludzko\u015bci i g\u0142o\u015bcie wszystkim, \u017ce tylko w Chrystusie umar\u0142ym i zmartwychwsta\u0142ym jest zbawienie i odkupienie.\u201d <em>(\u015bw. Jan Pawe\u0142 II, Rzym, 22 kwietnia 1984).<\/em><\/p>\n<p>Krzy\u017c i Ikona w\u0119druj\u0105 i opowiadaj\u0105 historie \u017cycia tylu ludzi z ka\u017cdego kontynentu: milion\u00f3w dotkni\u0119\u0107, przytule\u0144, uca\u0142owa\u0144. Z bliska mo\u017cna zobaczy\u0107 jego &#8222;um\u0119czenie&#8221; ludzkimi dotkni\u0119ciami. A s\u0142owa \u015bw. Jana Paw\u0142a II jak\u017ce s\u0105 aktualne dzisiaj: to znak mi\u0142o\u015bci Boga do cz\u0142owieka. Wi\u0119kszego i g\u0142\u0119bszego znaku mi\u0142o\u015bci nie by\u0142o i nie b\u0119dzie!<\/p>\n<p>W dekanacie Dobrzy\u0144 n.Drw\u0119c\u0105 <a href=\"http:\/\/www.krakow2016.com\/symbole\">Znaki \u015awiatowych Dni M\u0142odzie\u017cy <\/a>b\u0119d\u0105 go\u015bci\u0142y w sanktuarium Matki Bolesnej w Oborach w pi\u0105tek 11.09. od g. 15.00 do 22.00. Zapraszam na spotkanie z mi\u0142o\u015bci\u0105. Znaki <a href=\"http:\/\/diecezjaplocka.pl\/zapowiedzi\/2015-08\/peregrynacja-krzyza-i-ikony-swiatowych-dni-mlodziezy-w-diecezji-plockiej-\">w Diecezji P\u0142ockiej. <\/a><\/p>\n<p>&nbsp;<\/p>\n<p>&nbsp;<\/p>\n","protected":false},"excerpt":{"rendered":"<p>Dzisiaj spotka\u0142 mnie wielki zaszczyt i rado\u015b\u0107, \u017ce mog\u0142em w parafii Dobrzy\u0144 n. Drw\u0119c\u0105 uca\u0142owa\u0107 ten w\u0119druj\u0105cy krzy\u017c, kt\u00f3ry podarowa\u0142 nam w 1984 roku \u015bw. Jan Pawe\u0142 II. Powiedzia\u0142 wtedy do nas (mia\u0142em w\u00f3wczas 17 lat): \u201eDroga m\u0142odzie\u017cy, na zako\u0144czenie Roku \u015awi\u0119tego powierzam wam znak tego Roku Jubileuszowego: Krzy\u017c Chrystusa! Nie\u015bcie go na ca\u0142y \u015bwiat [&hellip;]<\/p>\n","protected":false},"author":1,"featured_media":0,"comment_status":"open","ping_status":"closed","sticky":false,"template":"","format":"standard","meta":{"ngg_post_thumbnail":0},"categories":[1],"tags":[],"_links":{"self":[{"href":"https:\/\/umacieja.net\/blog\/index.php?rest_route=\/wp\/v2\/posts\/3106"}],"collection":[{"href":"https:\/\/umacieja.net\/blog\/index.php?rest_route=\/wp\/v2\/posts"}],"about":[{"href":"https:\/\/umacieja.net\/blog\/index.php?rest_route=\/wp\/v2\/types\/post"}],"author":[{"embeddable":true,"href":"https:\/\/umacieja.net\/blog\/index.php?rest_route=\/wp\/v2\/users\/1"}],"replies":[{"embeddable":true,"href":"https:\/\/umacieja.net\/blog\/index.php?rest_route=%2Fwp%2Fv2%2Fcomments&post=3106"}],"version-history":[{"count":0,"href":"https:\/\/umacieja.net\/blog\/index.php?rest_route=\/wp\/v2\/posts\/3106\/revisions"}],"wp:attachment":[{"href":"https:\/\/umacieja.net\/blog\/index.php?rest_route=%2Fwp%2Fv2%2Fmedia&parent=3106"}],"wp:term":[{"taxonomy":"category","embeddable":true,"href":"https:\/\/umacieja.net\/blog\/index.php?rest_route=%2Fwp%2Fv2%2Fcategories&post=3106"},{"taxonomy":"post_tag","embeddable":true,"href":"https:\/\/umacieja.net\/blog\/index.php?rest_route=%2Fwp%2Fv2%2Ftags&post=3106"}],"curies":[{"name":"wp","href":"https:\/\/api.w.org\/{rel}","templated":true}]}}