{"id":3095,"date":"2015-08-31T22:06:52","date_gmt":"2015-08-31T20:06:52","guid":{"rendered":"http:\/\/www.umacieja.net\/blog\/?p=3095"},"modified":"2015-08-31T22:20:36","modified_gmt":"2015-08-31T20:20:36","slug":"postulaty","status":"publish","type":"post","link":"https:\/\/umacieja.net\/blog\/?p=3095","title":{"rendered":"Postulaty"},"content":{"rendered":"<p><a href=\"http:\/\/www.umacieja.net\/blog\/wp-content\/uploads\/2015\/08\/d547510125ae6ffeb891650f94181f6f_XL.jpg\"><img decoding=\"async\" loading=\"lazy\" class=\"aligncenter  wp-image-3096\" src=\"http:\/\/www.umacieja.net\/blog\/wp-content\/uploads\/2015\/08\/d547510125ae6ffeb891650f94181f6f_XL-1024x741.jpg\" alt=\"d547510125ae6ffeb891650f94181f6f_XL\" width=\"496\" height=\"359\" srcset=\"https:\/\/umacieja.net\/blog\/wp-content\/uploads\/2015\/08\/d547510125ae6ffeb891650f94181f6f_XL-1024x741.jpg 1024w, https:\/\/umacieja.net\/blog\/wp-content\/uploads\/2015\/08\/d547510125ae6ffeb891650f94181f6f_XL-300x217.jpg 300w, https:\/\/umacieja.net\/blog\/wp-content\/uploads\/2015\/08\/d547510125ae6ffeb891650f94181f6f_XL.jpg 1050w\" sizes=\"(max-width: 496px) 100vw, 496px\" \/><\/a><\/p>\n<p>Mia\u0142em 13 lat, gdy rodzi\u0142a si\u0119 w 1980 roku Solidarno\u015b\u0107. Ju\u017c jako m\u0142ody ch\u0142opak czu\u0142em, \u017ce &#8222;co\u015b si\u0119 \u015bwi\u0119ci&#8221;. Byli\u015bmy dumni, \u017ce od dw\u00f3ch lat mamy Papie\u017ca z Polski.\u00a0 \u00d3wczesny wikariusz imponowa\u0142 nam swoj\u0105 postaw\u0105, np. mia\u0142 w mieszkaniu r\u00f3\u017cne plakaty; m.in. &#8222;TV k\u0142amie&#8221;. To by\u0142o odwa\u017cne wyznanie na te czasy! A w 1980 r. przyszed\u0142 czas na wcielenie s\u0142\u00f3w Ojca \u015awi\u0119tego Jana Paw\u0142a II z Placu Zwyci\u0119stwa: <a href=\"https:\/\/www.youtube.com\/watch?v=w8ATg3fcoPM\">Niech zst\u0105pi Duch Tw\u00f3j i odmieni oblicze TEJ ZIEMI!\u00a0 <\/a><\/p>\n<p>Dzisiaj k\u0142\u00f3c\u0105 si\u0119, gniewaj\u0105, nie zapraszaj\u0105, \u015bwi\u0119tuj\u0105 osobno, przypisuj\u0105 zas\u0142ugi SOLIDARNO\u015aCI nie wiadomo komu&#8230; mali ludzie. Ale my wiemy KOMU to zawdzi\u0119czamy!<\/p>\n<p>SOLIDARNO\u015a\u0106 TO BRZEMI\u0118 NIESIONE RAZEM, WE WSP\u00d3LNOCIE: znaczy: &#8222;Jeden drugiego brzemiona no\u015bcie&#8221; &#8211; pisze \u015bw. Pawe\u0142 do Galat\u00f3w (6,2), a s\u0142owa te maj\u0105 wielk\u0105 no\u015bno\u015b\u0107. &#8222;Jeden&#8230; drugiego&#8221;. Cz\u0142owiek nie jest sam, \u017cyje z drugimi, przez drugich, dla drugich. Ca\u0142a ludzka egzystencja ma w\u0142a\u015bciwy sobie wymiar wsp\u00f3lnotowy &#8211; i wymiar spo\u0142eczny. Ten wymiar nie mo\u017ce oznacza\u0107 redukcji osoby ludzkiej, jej talent\u00f3w, jej mo\u017cliwo\u015bci, jej zada\u0144. W\u0142a\u015bnie z punktu widzenia wsp\u00f3lnoty spo\u0142ecznej musi by\u0107 do\u015b\u0107 przestrzeni dla ka\u017cdego. Jednym z wa\u017cnych zada\u0144 pa\u0144stwa jest stwarzanie tej przestrzeni, tak aby ka\u017cdy m\u00f3g\u0142 przez prac\u0119 rozwin\u0105\u0107 siebie, swoj\u0105 osobowo\u015b\u0107 i swoje powo\u0142anie.&#8221; <i>Fragment homilii wyg\u0142oszonej przez Jana Paw\u0142a II podczas Mszy \u015bwi\u0119tej dla \u015bwiata pracy. Gda\u0144sk, 12 czerwca 1987<\/i><\/p>\n<p>Ostatnie osiem lat niestety nie mo\u017ce by\u0107 przyk\u0142adem niesienie tego brzemienia razem, we wsp\u00f3lnocie. Niemal\u017ce ka\u017cd\u0105 wsp\u00f3lnot\u0119 si\u0119 rozbija. Pocz\u0105wszy od tej narodowej, a sko\u0144czywszy na ma\u0142\u017ce\u0144stwie, rodzinie, szkole, parafii, diecezji. St\u0105d migracje, uchod\u017acy, podejrzenia, nagrania, pods\u0142uchy, nieufno\u015bci, plotki, uk\u0142ady, skargi itp&#8230;<\/p>\n<p>Warto przypatrze\u0107 si\u0119 <a href=\"http:\/\/www.solidarnosc.org.pl\/21-postulatow\">21 postulatom Solidarno\u015bci <\/a>sprzed 35 lat. Popatrzmy na postulat ostatni: &#8222;Wprowadzi\u0107 wszystkie soboty wolne od pracy.&#8221; Dzisiaj mamy soboty i niedziele wolne&#8230;? Teoretycznie! A ile os\u00f3b dzisiaj w tzw. wolno\u015bci od 25 lat MUSI pracowa\u0107 w niedziele?!<\/p>\n<p>I co, nie strajkujecie? Nie piszecie postulat\u00f3w? Przecie\u017c :\u201epa\u0144stwo polskie istnieje teoretycznie, praktycznie nie istnieje\u201d. Minister w rz\u0105dzie RP &#8211; Jeden z g\u0142\u00f3wnych pomys\u0142\u00f3w rz\u0105dowych, czyli Polskie Inwestycje Rozwojowe okre\u015bla mianem \u201ech\u2026, dupa i kamieni kupa. Tego nie ma\u201d.<\/p>\n<p>A rodzin\u0119 trzeba utrzyma\u0107 i da\u0107 je\u015b\u0107! Jest chyba gorzej ni\u017c w 1980 roku &#8211; Jeste\u015bmy podzieleni i nie ma wsp\u00f3lnoty! Budujmy j\u0105 &#8211; taki postulat mam!<\/p>\n<p>&nbsp;<\/p>\n<p>&nbsp;<\/p>\n","protected":false},"excerpt":{"rendered":"<p>Mia\u0142em 13 lat, gdy rodzi\u0142a si\u0119 w 1980 roku Solidarno\u015b\u0107. Ju\u017c jako m\u0142ody ch\u0142opak czu\u0142em, \u017ce &#8222;co\u015b si\u0119 \u015bwi\u0119ci&#8221;. Byli\u015bmy dumni, \u017ce od dw\u00f3ch lat mamy Papie\u017ca z Polski.\u00a0 \u00d3wczesny wikariusz imponowa\u0142 nam swoj\u0105 postaw\u0105, np. mia\u0142 w mieszkaniu r\u00f3\u017cne plakaty; m.in. &#8222;TV k\u0142amie&#8221;. To by\u0142o odwa\u017cne wyznanie na te czasy! A w 1980 r. [&hellip;]<\/p>\n","protected":false},"author":1,"featured_media":0,"comment_status":"open","ping_status":"closed","sticky":false,"template":"","format":"standard","meta":{"ngg_post_thumbnail":0},"categories":[1],"tags":[],"_links":{"self":[{"href":"https:\/\/umacieja.net\/blog\/index.php?rest_route=\/wp\/v2\/posts\/3095"}],"collection":[{"href":"https:\/\/umacieja.net\/blog\/index.php?rest_route=\/wp\/v2\/posts"}],"about":[{"href":"https:\/\/umacieja.net\/blog\/index.php?rest_route=\/wp\/v2\/types\/post"}],"author":[{"embeddable":true,"href":"https:\/\/umacieja.net\/blog\/index.php?rest_route=\/wp\/v2\/users\/1"}],"replies":[{"embeddable":true,"href":"https:\/\/umacieja.net\/blog\/index.php?rest_route=%2Fwp%2Fv2%2Fcomments&post=3095"}],"version-history":[{"count":0,"href":"https:\/\/umacieja.net\/blog\/index.php?rest_route=\/wp\/v2\/posts\/3095\/revisions"}],"wp:attachment":[{"href":"https:\/\/umacieja.net\/blog\/index.php?rest_route=%2Fwp%2Fv2%2Fmedia&parent=3095"}],"wp:term":[{"taxonomy":"category","embeddable":true,"href":"https:\/\/umacieja.net\/blog\/index.php?rest_route=%2Fwp%2Fv2%2Fcategories&post=3095"},{"taxonomy":"post_tag","embeddable":true,"href":"https:\/\/umacieja.net\/blog\/index.php?rest_route=%2Fwp%2Fv2%2Ftags&post=3095"}],"curies":[{"name":"wp","href":"https:\/\/api.w.org\/{rel}","templated":true}]}}