{"id":3055,"date":"2015-08-14T21:02:17","date_gmt":"2015-08-14T19:02:17","guid":{"rendered":"http:\/\/www.umacieja.net\/blog\/?p=3055"},"modified":"2015-08-15T08:26:08","modified_gmt":"2015-08-15T06:26:08","slug":"matka-pana-mego-przychodzi-do-mnie","status":"publish","type":"post","link":"https:\/\/umacieja.net\/blog\/?p=3055","title":{"rendered":"Matka Pana mego przychodzi do mnie"},"content":{"rendered":"<p><a href=\"http:\/\/www.umacieja.net\/blog\/wp-content\/uploads\/2015\/08\/11350699_906676789379296_6141183456120872652_n.jpg\"><img decoding=\"async\" loading=\"lazy\" class=\"aligncenter  wp-image-3056\" src=\"http:\/\/www.umacieja.net\/blog\/wp-content\/uploads\/2015\/08\/11350699_906676789379296_6141183456120872652_n.jpg\" alt=\"11350699_906676789379296_6141183456120872652_n\" width=\"605\" height=\"449\" srcset=\"https:\/\/umacieja.net\/blog\/wp-content\/uploads\/2015\/08\/11350699_906676789379296_6141183456120872652_n.jpg 960w, https:\/\/umacieja.net\/blog\/wp-content\/uploads\/2015\/08\/11350699_906676789379296_6141183456120872652_n-300x223.jpg 300w\" sizes=\"(max-width: 605px) 100vw, 605px\" \/><\/a> <a href=\"http:\/\/www.umacieja.net\/blog\/wp-content\/uploads\/2015\/08\/10537439_906676782712630_629223047895624784_n.jpg\"><img decoding=\"async\" loading=\"lazy\" class=\"aligncenter  wp-image-3057\" src=\"http:\/\/www.umacieja.net\/blog\/wp-content\/uploads\/2015\/08\/10537439_906676782712630_629223047895624784_n.jpg\" alt=\"10537439_906676782712630_629223047895624784_n\" width=\"598\" height=\"451\" srcset=\"https:\/\/umacieja.net\/blog\/wp-content\/uploads\/2015\/08\/10537439_906676782712630_629223047895624784_n.jpg 960w, https:\/\/umacieja.net\/blog\/wp-content\/uploads\/2015\/08\/10537439_906676782712630_629223047895624784_n-300x226.jpg 300w\" sizes=\"(max-width: 598px) 100vw, 598px\" \/><\/a><\/p>\n<p>39 lat temu mia\u0142em lat 9. Wita\u0142em Matk\u0119 Bo\u017c\u0105 w Jej Obrazie Jasnog\u00f3rskim w mojej rodzinnej parafii Zielona M\u0142awska. Na zdj\u0119ciach powy\u017cej mo\u017cna odnale\u017a\u0107 moj\u0105 Siostr\u0119, Mam\u0119, Babci\u0119 Helen\u0119 i mnie. Fotograf zatrzyma\u0142 \u00f3w czas nawiedzenia Matki Bo\u017cej z roku 1976. Uwieczni\u0142 Obraz, Biskupa, Rekolekcjonist\u0119, Proboszcza, Wikariusza, Stra\u017cak\u00f3w, Dzieci, Parafian.<\/p>\n<p>W minionym tygodniu Obraz Matki Boskiej Jasnog\u00f3rskiej odwiedzi\u0142 moje rodzinne strony: dekanat \u017curomi\u0144ski. By\u0142em na powitaniu Obrazu, na czuwaniu i na Mszy tzw. Pasterce &#8211; dzi\u0119kczynnej za powo\u0142ania do S\u0142u\u017cby Bo\u017cej i o nowe powo\u0142ania. Biskup Roman pochwali\u0142 mieszka\u0144c\u00f3w parafii Zielona za przygotowanie i za prze\u017cycia duchowe. M\u00f3wi\u0142, \u017ce dzi\u015b to nie Zielona, ale Kolorowa!<\/p>\n<p>Rzeczywi\u015bcie wiele os\u00f3b zosta\u0142o &#8222;poruszonych&#8221; do dobrego. W oczekiwaniu na spotkanie z Maryj\u0105, odby\u0142y si\u0119 rekolekcje i g\u0142\u0119bokie spowiedzi, cz\u0119sto po wielu latach. Nie wszystkim dany jest zaszczyt wita\u0107 Matk\u0119 Bosk\u0105 po raz drugi po prawie 40 latach. Rozmawia\u0142em z kole\u017cank\u0105, \u017ce to ju\u017c ostatni raz w jej \u017cyciu &#8211; takie nawiedzenie, wi\u0119c wypada by\u0107, przyj\u0105\u0107 Maryj\u0119, bo i Ona kiedy\u015b mo\u017ce mnie przyj\u0105\u0107 po \u015bmierci&#8230;<\/p>\n<p>Jest to pi\u0119kne, \u017ce pielgrzymi doszli do Celu W\u0119drowania w takie dni upalne bez dnia deszczu. Szacunek Bohaterom! Jutro Uroczysto\u015b\u0107 Wniebowzi\u0119cia NMP (Za\u015bni\u0119cia, Przej\u015bcia, Odpocznienia, Matki Boskiej Zielnej). Nasza parafia jest pod wezwaniem Wniebowzi\u0119cia NMP. Szukamy przecie\u017c w \u017cyciu niezawodnej nadziei. Mo\u017ce warto znale\u017a\u0107 t\u0119 nadziej\u0119 w Maryi?<\/p>\n<p>Nasz czas nawiedzenia to 3\/4 maja 2016r. Wtedy Matka Pana naszego przyb\u0119dzie do nas. Czy jeste\u015b got\u00f3w J\u0104 przyj\u0105\u0107 ?<\/p>\n","protected":false},"excerpt":{"rendered":"<p>39 lat temu mia\u0142em lat 9. Wita\u0142em Matk\u0119 Bo\u017c\u0105 w Jej Obrazie Jasnog\u00f3rskim w mojej rodzinnej parafii Zielona M\u0142awska. Na zdj\u0119ciach powy\u017cej mo\u017cna odnale\u017a\u0107 moj\u0105 Siostr\u0119, Mam\u0119, Babci\u0119 Helen\u0119 i mnie. Fotograf zatrzyma\u0142 \u00f3w czas nawiedzenia Matki Bo\u017cej z roku 1976. Uwieczni\u0142 Obraz, Biskupa, Rekolekcjonist\u0119, Proboszcza, Wikariusza, Stra\u017cak\u00f3w, Dzieci, Parafian. W minionym tygodniu Obraz Matki [&hellip;]<\/p>\n","protected":false},"author":1,"featured_media":0,"comment_status":"open","ping_status":"closed","sticky":false,"template":"","format":"standard","meta":{"ngg_post_thumbnail":0},"categories":[1],"tags":[],"_links":{"self":[{"href":"https:\/\/umacieja.net\/blog\/index.php?rest_route=\/wp\/v2\/posts\/3055"}],"collection":[{"href":"https:\/\/umacieja.net\/blog\/index.php?rest_route=\/wp\/v2\/posts"}],"about":[{"href":"https:\/\/umacieja.net\/blog\/index.php?rest_route=\/wp\/v2\/types\/post"}],"author":[{"embeddable":true,"href":"https:\/\/umacieja.net\/blog\/index.php?rest_route=\/wp\/v2\/users\/1"}],"replies":[{"embeddable":true,"href":"https:\/\/umacieja.net\/blog\/index.php?rest_route=%2Fwp%2Fv2%2Fcomments&post=3055"}],"version-history":[{"count":0,"href":"https:\/\/umacieja.net\/blog\/index.php?rest_route=\/wp\/v2\/posts\/3055\/revisions"}],"wp:attachment":[{"href":"https:\/\/umacieja.net\/blog\/index.php?rest_route=%2Fwp%2Fv2%2Fmedia&parent=3055"}],"wp:term":[{"taxonomy":"category","embeddable":true,"href":"https:\/\/umacieja.net\/blog\/index.php?rest_route=%2Fwp%2Fv2%2Fcategories&post=3055"},{"taxonomy":"post_tag","embeddable":true,"href":"https:\/\/umacieja.net\/blog\/index.php?rest_route=%2Fwp%2Fv2%2Ftags&post=3055"}],"curies":[{"name":"wp","href":"https:\/\/api.w.org\/{rel}","templated":true}]}}