{"id":3033,"date":"2015-08-10T21:56:37","date_gmt":"2015-08-10T19:56:37","guid":{"rendered":"http:\/\/www.umacieja.net\/blog\/?p=3033"},"modified":"2015-08-11T11:01:33","modified_gmt":"2015-08-11T09:01:33","slug":"wielka-polityka-w-malej-parafii","status":"publish","type":"post","link":"https:\/\/umacieja.net\/blog\/?p=3033","title":{"rendered":"Wielka polityka w ma\u0142ej parafii"},"content":{"rendered":"<p><a href=\"http:\/\/www.umacieja.net\/blog\/wp-content\/uploads\/2015\/08\/Ziemia_Swi\u0119ta_07_1042.jpg\"><img decoding=\"async\" loading=\"lazy\" class=\"aligncenter  wp-image-3034\" src=\"http:\/\/www.umacieja.net\/blog\/wp-content\/uploads\/2015\/08\/Ziemia_Swi\u0119ta_07_1042.jpg\" alt=\"Ziemia_Swi\u0119ta_07_1042\" width=\"327\" height=\"245\" srcset=\"https:\/\/umacieja.net\/blog\/wp-content\/uploads\/2015\/08\/Ziemia_Swi\u0119ta_07_1042.jpg 600w, https:\/\/umacieja.net\/blog\/wp-content\/uploads\/2015\/08\/Ziemia_Swi\u0119ta_07_1042-300x225.jpg 300w\" sizes=\"(max-width: 327px) 100vw, 327px\" \/><\/a><a href=\"http:\/\/www.umacieja.net\/blog\/wp-content\/uploads\/2015\/08\/Warszawa_08_009.jpg\"><img decoding=\"async\" loading=\"lazy\" class=\"aligncenter  wp-image-3042\" src=\"http:\/\/www.umacieja.net\/blog\/wp-content\/uploads\/2015\/08\/Warszawa_08_009.jpg\" alt=\"Warszawa_08_009\" width=\"224\" height=\"298\" srcset=\"https:\/\/umacieja.net\/blog\/wp-content\/uploads\/2015\/08\/Warszawa_08_009.jpg 450w, https:\/\/umacieja.net\/blog\/wp-content\/uploads\/2015\/08\/Warszawa_08_009-225x300.jpg 225w\" sizes=\"(max-width: 224px) 100vw, 224px\" \/><\/a><\/p>\n<p>Ostatnio rozgorza\u0142a dyskusja w mediach i w domach <a href=\"http:\/\/diecezjaplocka.pl\/blogi\/blog-rzecznika-prasowego\/2015\/08\/07\/29268\">o modlitwie za prezydenta<\/a>. Powsta\u0142o pytanie: czy mo\u017cna si\u0119 modli\u0107 za g\u0142ow\u0119 pa\u0144stwa?\u00a0 Je\u015bli tak, to w jakiej intencji? Tegoroczne upa\u0142y spowodowa\u0142y chyba jakie\u015b niekontrolowane emocje i s\u0142owa. W niedziel\u0119 <a href=\"http:\/\/www.parafiadulsk.pl\/\">w og\u0142oszeniach<\/a> zach\u0119ci\u0142em do modlitwy w intencji Ojczyzny i nowego Prezydenta Andrzeja Dudy. Niech ma wsparcie i od nas na dobry pocz\u0105tek. W sumie wygra\u0142 zdecydowanie wybory w naszej parafii. A zreszt\u0105 jest nasz obowi\u0105zek: modlimy si\u0119 ojc\u00f3w rodzin, za w\u00f3jt\u00f3w, burmistrz\u00f3w, prezydent\u00f3w, biskup\u00f3w, papie\u017cy. Nie wyobra\u017camy sobie \u017cycia bez rodzic\u00f3w, rz\u0105dz\u0105cych, przyw\u00f3dc\u00f3w. Chodzi o to, aby pozwolili <a href=\"http:\/\/wrodzinie.pl\/modlitwa-za-ojczyzne-i-prezydenta-rzeczpospolitej\/\">prowadzi\u0107 si\u0119 Duchowi \u015awi\u0119temu!<\/a><\/p>\n<p>I po tej zach\u0119cie przychodzi do mnie do zakrystii m\u0119\u017cczyzna w \u015brednim wieku, z wy\u017cszym wykszta\u0142ceniem i z nienawi\u015bci\u0105 w oczach, z podniesionym g\u0142osem krzyczy do mnie, \u017ce on i jego koledzy nie \u017cycz\u0105 sobie modli\u0107 si\u0119 za obecnego prezydenta w najbli\u017csz\u0105 Uroczysto\u015b\u0107 Wniebowzi\u0119cia NMP. Je\u015bli chc\u0119, to sam niech si\u0119 modl\u0119 za Niego, a nie z nimi&#8230; A za poprzedniego prezydenta dlaczego nie modlili\u015bmy si\u0119? &#8211; zapyta\u0142 parafianin. Odpowiedzia\u0142em, \u017ce ludzie chyba jeszcze bardziej modlili si\u0119 za poprzednik\u00f3w obecnego prezydenta, nawet o Dary Ducha \u015awi\u0119tego,\u00a0<a href=\"http:\/\/www.naszdziennik.pl\/wiara-kosciol-w-polsce\/140399,nowenna-w-intencji-prezydenta.html\"> cz\u0119sto o nawr\u00f3cenie!<\/a><\/p>\n<p>Czy chrze\u015bcijanie powinni modli\u0107 si\u0119 za ojc\u00f3w, przyw\u00f3dc\u00f3w, prezydent\u00f3w? Czy modlitwa jest politykowaniem? I tak niespodziewanie wielka polityka trafi\u0142a pod strzechy w ma\u0142ej wiejskiej parafii. Czekamy tylko na powiew ch\u0142odnego powietrza. Duchu \u015awi\u0119ty przyjd\u017a!<\/p>\n<p>&nbsp;<\/p>\n","protected":false},"excerpt":{"rendered":"<p>Ostatnio rozgorza\u0142a dyskusja w mediach i w domach o modlitwie za prezydenta. Powsta\u0142o pytanie: czy mo\u017cna si\u0119 modli\u0107 za g\u0142ow\u0119 pa\u0144stwa?\u00a0 Je\u015bli tak, to w jakiej intencji? Tegoroczne upa\u0142y spowodowa\u0142y chyba jakie\u015b niekontrolowane emocje i s\u0142owa. W niedziel\u0119 w og\u0142oszeniach zach\u0119ci\u0142em do modlitwy w intencji Ojczyzny i nowego Prezydenta Andrzeja Dudy. Niech ma wsparcie i [&hellip;]<\/p>\n","protected":false},"author":1,"featured_media":0,"comment_status":"open","ping_status":"closed","sticky":false,"template":"","format":"standard","meta":{"ngg_post_thumbnail":0},"categories":[1],"tags":[],"_links":{"self":[{"href":"https:\/\/umacieja.net\/blog\/index.php?rest_route=\/wp\/v2\/posts\/3033"}],"collection":[{"href":"https:\/\/umacieja.net\/blog\/index.php?rest_route=\/wp\/v2\/posts"}],"about":[{"href":"https:\/\/umacieja.net\/blog\/index.php?rest_route=\/wp\/v2\/types\/post"}],"author":[{"embeddable":true,"href":"https:\/\/umacieja.net\/blog\/index.php?rest_route=\/wp\/v2\/users\/1"}],"replies":[{"embeddable":true,"href":"https:\/\/umacieja.net\/blog\/index.php?rest_route=%2Fwp%2Fv2%2Fcomments&post=3033"}],"version-history":[{"count":0,"href":"https:\/\/umacieja.net\/blog\/index.php?rest_route=\/wp\/v2\/posts\/3033\/revisions"}],"wp:attachment":[{"href":"https:\/\/umacieja.net\/blog\/index.php?rest_route=%2Fwp%2Fv2%2Fmedia&parent=3033"}],"wp:term":[{"taxonomy":"category","embeddable":true,"href":"https:\/\/umacieja.net\/blog\/index.php?rest_route=%2Fwp%2Fv2%2Fcategories&post=3033"},{"taxonomy":"post_tag","embeddable":true,"href":"https:\/\/umacieja.net\/blog\/index.php?rest_route=%2Fwp%2Fv2%2Ftags&post=3033"}],"curies":[{"name":"wp","href":"https:\/\/api.w.org\/{rel}","templated":true}]}}