{"id":3017,"date":"2015-08-06T20:44:23","date_gmt":"2015-08-06T18:44:23","guid":{"rendered":"http:\/\/www.umacieja.net\/blog\/?p=3017"},"modified":"2015-08-06T20:45:24","modified_gmt":"2015-08-06T18:45:24","slug":"zgrzyt-i-zakalec","status":"publish","type":"post","link":"https:\/\/umacieja.net\/blog\/?p=3017","title":{"rendered":"Zgrzyt i zakalec"},"content":{"rendered":"<p><a href=\"http:\/\/www.umacieja.net\/blog\/wp-content\/uploads\/2015\/08\/Remonty_2013_218.jpg\"><img decoding=\"async\" loading=\"lazy\" class=\"  wp-image-3018 alignleft\" src=\"http:\/\/www.umacieja.net\/blog\/wp-content\/uploads\/2015\/08\/Remonty_2013_218.jpg\" alt=\"SONY DSC\" width=\"300\" height=\"199\" srcset=\"https:\/\/umacieja.net\/blog\/wp-content\/uploads\/2015\/08\/Remonty_2013_218.jpg 600w, https:\/\/umacieja.net\/blog\/wp-content\/uploads\/2015\/08\/Remonty_2013_218-300x199.jpg 300w\" sizes=\"(max-width: 300px) 100vw, 300px\" \/><\/a><a href=\"http:\/\/www.umacieja.net\/blog\/wp-content\/uploads\/2015\/08\/Remonty_2013_239.jpg\"><img decoding=\"async\" loading=\"lazy\" class=\"wp-image-3021 alignleft\" src=\"http:\/\/www.umacieja.net\/blog\/wp-content\/uploads\/2015\/08\/Remonty_2013_239.jpg\" alt=\"SONY DSC\" width=\"300\" height=\"199\" srcset=\"https:\/\/umacieja.net\/blog\/wp-content\/uploads\/2015\/08\/Remonty_2013_239.jpg 600w, https:\/\/umacieja.net\/blog\/wp-content\/uploads\/2015\/08\/Remonty_2013_239-300x199.jpg 300w\" sizes=\"(max-width: 300px) 100vw, 300px\" \/><\/a> <a href=\"http:\/\/www.umacieja.net\/blog\/wp-content\/uploads\/2015\/08\/Remonty_2013_220.jpg\"><img decoding=\"async\" loading=\"lazy\" class=\"wp-image-3019 alignleft\" src=\"http:\/\/www.umacieja.net\/blog\/wp-content\/uploads\/2015\/08\/Remonty_2013_220.jpg\" alt=\"SONY DSC\" width=\"302\" height=\"200\" srcset=\"https:\/\/umacieja.net\/blog\/wp-content\/uploads\/2015\/08\/Remonty_2013_220.jpg 600w, https:\/\/umacieja.net\/blog\/wp-content\/uploads\/2015\/08\/Remonty_2013_220-300x199.jpg 300w\" sizes=\"(max-width: 302px) 100vw, 302px\" \/><\/a><a href=\"http:\/\/www.umacieja.net\/blog\/wp-content\/uploads\/2015\/08\/Remonty_2013_223.jpg\"><img decoding=\"async\" loading=\"lazy\" class=\"  wp-image-3020 alignleft\" src=\"http:\/\/www.umacieja.net\/blog\/wp-content\/uploads\/2015\/08\/Remonty_2013_223.jpg\" alt=\"SONY DSC\" width=\"300\" height=\"199\" srcset=\"https:\/\/umacieja.net\/blog\/wp-content\/uploads\/2015\/08\/Remonty_2013_223.jpg 600w, https:\/\/umacieja.net\/blog\/wp-content\/uploads\/2015\/08\/Remonty_2013_223-300x199.jpg 300w\" sizes=\"(max-width: 300px) 100vw, 300px\" \/><\/a>Na pocz\u0105tku sierpnia zadzwoni\u0142 do mnie jeden gospodarz z parafii. Zameldowa\u0142, \u017ce u niego ju\u017c po \u017cniwach. Podzi\u0119kowa\u0142 za modlitw\u0119 o dobr\u0105 pogod\u0119 i urodzaj. Rzeczywi\u015bcie pogoda dopisuje. W lipcu Pan B\u00f3g podlewa\u0142, a w sierpniu pozwala spokojnie zebra\u0107 chleb z p\u00f3l. Cieszy\u0142 si\u0119 \u00f3w parafianin,\u00a0 \u017ce Z-BO\u017bE dobrze sypa\u0142o. Przeprosi\u0142, \u017ce musia\u0142 zbiera\u0107 plony w niedziel\u0119 po po\u0142udniu. Ale widzia\u0142em go na porannej Mszy \u015bw. Zawsze powtarza za psalmist\u0105, \u017ce \u201ena nic si\u0119 zda wstawa\u0107 o p\u00f3\u0142nocy, je\u015bli nie masz Pa\u0144skiej pomocy\u2026\u201d.<\/p>\n<p>\u017bniwa dla rolnik\u00f3w s\u0105 najwa\u017cniejszym wydarzeniem w ca\u0142ym roku. Chleb trzeba zebra\u0107 z mi\u0142o\u015bci\u0105. Widz\u0119 to i szanuj\u0119. To dar Bo\u017cy dla cz\u0142owieka i zwierz\u0105t, utrzymanie cz\u0119sto na ca\u0142y rok.<\/p>\n<p>S\u0142owa Jezusa z Ewangelii, kt\u00f3re us\u0142yszeli uczestnicy niedzielnej Eucharystii 02 sierpnia, troch\u0119 mog\u0105 nas zaniepokoi\u0107 w kontek\u015bcie prac \u017cniwnych: <em>&#8222;Troszczcie si\u0119 nie o ten pokarm, kt\u00f3ry ginie, ale o ten, kt\u00f3ry trwa na wieki, a kt\u00f3ry da wam Syn Cz\u0142owieczy&#8221;.\u00a0<\/em><\/p>\n<p>Pragn\u0119 podzieli\u0107 si\u0119 swoim b\u00f3lem (pewnie i wielu ksi\u0119\u017cy proboszcz\u00f3w wiejskich parafii to prze\u017cywa). W\u0142a\u015bnie w t\u0119 niedziel\u0119 02 sierpnia na dobre rozpocz\u0119\u0142y si\u0119 \u017cniwa &#8211; bo pogoda na to pozwoli\u0142a. To by\u0142a pierwsza (adoracyjna) niedziela miesi\u0105ca, modlimy si\u0119 wtedy przed wystawionym Naj\u015bwi\u0119tszym Sakramentem o Bo\u017c\u0105 opiek\u0119 w nowym miesi\u0105cu. Potem idziemy w procesji wok\u00f3\u0142 ko\u015bcio\u0142a. By\u0142o gor\u0105co w ko\u015bciele, okna otwarte. Podczas przeistoczenia jak zawsze nast\u0105pi\u0142a cisza, kt\u00f3ra niestety zosta\u0142a zak\u0142\u00f3cona przez odg\u0142os pracuj\u0105cego blisko ko\u015bcio\u0142a kombajnu. Poczu\u0142em si\u0119 jako\u015b nieswojo&#8230; Po Mszy \u015bw. poszli\u015bmy w procesji z Chlebem Eucharystycznym wok\u00f3\u0142 ko\u015bcio\u0142a. I zn\u00f3w \u015bpiewy zag\u0142usza\u0142a praca \u017cniwiarzy. Odczu\u0142em w sercu wewn\u0119trzny zgrzyt. Taki zakalec.<\/p>\n<p>Tak niewiele potrzeba, aby wybra\u0107 Boga, nawet w czas tak wa\u017cnych i potrzebnych \u017cniw. Mo\u017cna wybra\u0107 Boga i mo\u017cna zebra\u0107 to co jest Z-BO\u017bEGO. Jezus ci\u0105gle przypomina nam: \u201eJa jestem chlebem \u017cycia. Kto do Mnie przychodzi, nie b\u0119dzie \u0142akn\u0105\u0142; a kto we Mnie wierzy, nigdy pragn\u0105\u0107 nie b\u0119dzie\u201d. (J 6,24-35). Przyjd\u017a i uwierz, a b\u0119dziesz nape\u0142niony.<\/p>\n<p>&nbsp;<\/p>\n<p>&nbsp;<\/p>\n","protected":false},"excerpt":{"rendered":"<p>Na pocz\u0105tku sierpnia zadzwoni\u0142 do mnie jeden gospodarz z parafii. Zameldowa\u0142, \u017ce u niego ju\u017c po \u017cniwach. Podzi\u0119kowa\u0142 za modlitw\u0119 o dobr\u0105 pogod\u0119 i urodzaj. Rzeczywi\u015bcie pogoda dopisuje. W lipcu Pan B\u00f3g podlewa\u0142, a w sierpniu pozwala spokojnie zebra\u0107 chleb z p\u00f3l. Cieszy\u0142 si\u0119 \u00f3w parafianin,\u00a0 \u017ce Z-BO\u017bE dobrze sypa\u0142o. Przeprosi\u0142, \u017ce musia\u0142 zbiera\u0107 plony [&hellip;]<\/p>\n","protected":false},"author":1,"featured_media":0,"comment_status":"open","ping_status":"closed","sticky":false,"template":"","format":"standard","meta":{"ngg_post_thumbnail":0},"categories":[1],"tags":[],"_links":{"self":[{"href":"https:\/\/umacieja.net\/blog\/index.php?rest_route=\/wp\/v2\/posts\/3017"}],"collection":[{"href":"https:\/\/umacieja.net\/blog\/index.php?rest_route=\/wp\/v2\/posts"}],"about":[{"href":"https:\/\/umacieja.net\/blog\/index.php?rest_route=\/wp\/v2\/types\/post"}],"author":[{"embeddable":true,"href":"https:\/\/umacieja.net\/blog\/index.php?rest_route=\/wp\/v2\/users\/1"}],"replies":[{"embeddable":true,"href":"https:\/\/umacieja.net\/blog\/index.php?rest_route=%2Fwp%2Fv2%2Fcomments&post=3017"}],"version-history":[{"count":0,"href":"https:\/\/umacieja.net\/blog\/index.php?rest_route=\/wp\/v2\/posts\/3017\/revisions"}],"wp:attachment":[{"href":"https:\/\/umacieja.net\/blog\/index.php?rest_route=%2Fwp%2Fv2%2Fmedia&parent=3017"}],"wp:term":[{"taxonomy":"category","embeddable":true,"href":"https:\/\/umacieja.net\/blog\/index.php?rest_route=%2Fwp%2Fv2%2Fcategories&post=3017"},{"taxonomy":"post_tag","embeddable":true,"href":"https:\/\/umacieja.net\/blog\/index.php?rest_route=%2Fwp%2Fv2%2Ftags&post=3017"}],"curies":[{"name":"wp","href":"https:\/\/api.w.org\/{rel}","templated":true}]}}