{"id":2973,"date":"2015-07-07T10:18:15","date_gmt":"2015-07-07T08:18:15","guid":{"rendered":"http:\/\/www.umacieja.net\/blog\/?p=2973"},"modified":"2015-07-07T20:35:52","modified_gmt":"2015-07-07T18:35:52","slug":"krzyz-jest-drogowskazem","status":"publish","type":"post","link":"https:\/\/umacieja.net\/blog\/?p=2973","title":{"rendered":"Krzy\u017c jest drogowskazem"},"content":{"rendered":"<p><a href=\"http:\/\/www.umacieja.net\/blog\/wp-content\/uploads\/2015\/07\/11665488_887627217994352_8575817373218312902_n.jpg\"><img decoding=\"async\" loading=\"lazy\" class=\"wp-image-2974 alignleft\" src=\"http:\/\/www.umacieja.net\/blog\/wp-content\/uploads\/2015\/07\/11665488_887627217994352_8575817373218312902_n.jpg\" alt=\"11665488_887627217994352_8575817373218312902_n\" width=\"200\" height=\"334\" srcset=\"https:\/\/umacieja.net\/blog\/wp-content\/uploads\/2015\/07\/11665488_887627217994352_8575817373218312902_n.jpg 360w, https:\/\/umacieja.net\/blog\/wp-content\/uploads\/2015\/07\/11665488_887627217994352_8575817373218312902_n-180x300.jpg 180w\" sizes=\"(max-width: 200px) 100vw, 200px\" \/><\/a><a href=\"http:\/\/www.umacieja.net\/blog\/wp-content\/uploads\/2015\/07\/Kapliczki_\u015bwi\u0119tych_2013_047.jpg\"><img decoding=\"async\" loading=\"lazy\" class=\"  wp-image-2990 alignleft\" src=\"http:\/\/www.umacieja.net\/blog\/wp-content\/uploads\/2015\/07\/Kapliczki_\u015bwi\u0119tych_2013_047.jpg\" alt=\"SONY DSC\" width=\"222\" height=\"335\" srcset=\"https:\/\/umacieja.net\/blog\/wp-content\/uploads\/2015\/07\/Kapliczki_\u015bwi\u0119tych_2013_047.jpg 398w, https:\/\/umacieja.net\/blog\/wp-content\/uploads\/2015\/07\/Kapliczki_\u015bwi\u0119tych_2013_047-199x300.jpg 199w\" sizes=\"(max-width: 222px) 100vw, 222px\" \/><\/a><\/p>\n<p><em>\u201eJak cz\u0119sto krzy\u017c przypomina nam drog\u0119\u2026 Widzimy krzy\u017ce przydro\u017cne, na kt\u00f3re jesieni\u0105 spadaj\u0105 li\u015bcie, zim\u0105 \u015bnieg, wiosn\u0105 ciep\u0142y deszcz. Krzy\u017c jest drogowskazem. Nie jest nieszcz\u0119\u015bciem-jest drog\u0105, kt\u00f3ra ratuje od rozpaczy\u201d &#8211;<\/em> pisa\u0142 ks. Jan Twardowski, kt\u00f3rego setn\u0105 rocznic\u0119 urodzin obchodzimy w tym roku.<\/p>\n<p>Powy\u017csze s\u0142owa Ksi\u0119dza Poety s\u0105 dobrym komentarzem do opisu wiejskiego pejza\u017cu, kt\u00f3ry praktycznie co kilka kilometr\u00f3w ka\u017ce zdj\u0105\u0107 czapk\u0119 z g\u0142owy. Wiejskie kapliczki praktycznie s\u0105 wsz\u0119dzie: przy skrzy\u017cowaniach dr\u00f3g, na le\u015bnych \u015bcie\u017ckach, na polach, na \u0142\u0105kach,\u00a0 w ogrodach domowych, nad rzekami. S\u0105 zazwyczaj skromne i proste, ale te\u017c rozbudowane, kolorowe i bogate. Stanowi\u0105 trwa\u0142y element polskiego krajobrazu, na Zachodzie Europy nie znajdziemy takich. S\u0105 znakami wiary naszych przodk\u00f3w, wa\u017cnymi elementami kultury i wierno\u015bci tradycji, \u015bwiadkami historii tej ma\u0142ej ojczyzny. Jak dawniej, tak i\u00a0 dzisiaj daj\u0105 nadziej\u0119, ratuj\u0105 od rozpaczy, wskazuj\u0105 drog\u0119, utwierdzaj\u0105 w wierze, chroni\u0105 przed nieszcz\u0119\u015bciami, zach\u0119caj\u0105 do modlitwy, <a href=\"http:\/\/www.parafiadulsk.pl\/galeria\/thumbnails.php?album=172\">gromadz\u0105 ludzi wok\u00f3\u0142 siebie.<\/a><\/p>\n<p>W naszej wsp\u00f3lnocie parafialnej naliczy\u0142em a\u017c 13 typowych kapliczek przydro\u017cnych oraz 2 pomniki historyczne i\u00a0 kaplic\u0119 w Soko\u0142owie, w kt\u00f3rej sprawowana jest liturgia. W moim ogrodzie tak\u017ce znajdziemy <a href=\"http:\/\/umacieja.net\/galeria\/thumbnails.php?album=63\">6 kapliczek<\/a>. Ciesz\u0119 si\u0119, \u017ce parafianie odczuwaj\u0105 potrzeb\u0119 troski o te najwa\u017cniejsze drogowskazy. W tym roku <a href=\"http:\/\/www.parafiadulsk.pl\/galeria\/thumbnails.php?album=73\">dwie kapliczki zosta\u0142y gruntownie odnowione. <\/a>By\u0142em \u015bwiadkiem, jak z wielkim zapa\u0142em, mi\u0142o\u015bci\u0105, po\u015bwi\u0119ceniem mieszka\u0144cy Dulska podj\u0119li si\u0119 spo\u0142ecznej pracy przy odnowieniu kapliczek. Wcze\u015bniej og\u0142oszono zbi\u00f3rk\u0119 pieni\u0119dzy. Niemal\u017ce wszyscy mieszka\u0144cy okolicy kapliczek odpowiedzieli pozytywnie i otworzyli swoje portfele. Stary krzy\u017c z jednej z nich pow\u0119drowa\u0142 na wie\u015b, gdzie nie by\u0142o do tej pory \u017cadnej kapliczki. I tam stanie si\u0119 ju\u017c nied\u0142ugo drogowskazem. Parafianie z P\u00f3lek troch\u0119 si\u0119 spierali o miejsce instalacji kapliczki. Postanowiono postawi\u0107 j\u0105 tam, gdzie najwi\u0119cej ludzi b\u0119dzie mog\u0142o zdj\u0105\u0107 czapk\u0119 i pok\u0142oni\u0107 si\u0119 krzy\u017cowi.<\/p>\n<p>Kapliczki przydro\u017cne \u015bwiadcz\u0105 o mieszka\u0144cach: o ich kulturze, wierze, mi\u0142o\u015bci. Buduj\u0105 tak\u017ce Bo\u017c\u0105 obecno\u015b\u0107 w danej miejscowo\u015bci. Przechodz\u0105c obok nich, warto si\u0119 zatrzyma\u0107, pok\u0142oni\u0107, zastanowi\u0107 nad przemijaniem i celem naszej drogi. Krzy\u017c pokazuje wszystko i ratuje od rozpaczy.<\/p>\n","protected":false},"excerpt":{"rendered":"<p>\u201eJak cz\u0119sto krzy\u017c przypomina nam drog\u0119\u2026 Widzimy krzy\u017ce przydro\u017cne, na kt\u00f3re jesieni\u0105 spadaj\u0105 li\u015bcie, zim\u0105 \u015bnieg, wiosn\u0105 ciep\u0142y deszcz. Krzy\u017c jest drogowskazem. Nie jest nieszcz\u0119\u015bciem-jest drog\u0105, kt\u00f3ra ratuje od rozpaczy\u201d &#8211; pisa\u0142 ks. Jan Twardowski, kt\u00f3rego setn\u0105 rocznic\u0119 urodzin obchodzimy w tym roku. Powy\u017csze s\u0142owa Ksi\u0119dza Poety s\u0105 dobrym komentarzem do opisu wiejskiego pejza\u017cu, kt\u00f3ry [&hellip;]<\/p>\n","protected":false},"author":1,"featured_media":0,"comment_status":"open","ping_status":"closed","sticky":false,"template":"","format":"standard","meta":{"ngg_post_thumbnail":0},"categories":[1],"tags":[],"_links":{"self":[{"href":"https:\/\/umacieja.net\/blog\/index.php?rest_route=\/wp\/v2\/posts\/2973"}],"collection":[{"href":"https:\/\/umacieja.net\/blog\/index.php?rest_route=\/wp\/v2\/posts"}],"about":[{"href":"https:\/\/umacieja.net\/blog\/index.php?rest_route=\/wp\/v2\/types\/post"}],"author":[{"embeddable":true,"href":"https:\/\/umacieja.net\/blog\/index.php?rest_route=\/wp\/v2\/users\/1"}],"replies":[{"embeddable":true,"href":"https:\/\/umacieja.net\/blog\/index.php?rest_route=%2Fwp%2Fv2%2Fcomments&post=2973"}],"version-history":[{"count":0,"href":"https:\/\/umacieja.net\/blog\/index.php?rest_route=\/wp\/v2\/posts\/2973\/revisions"}],"wp:attachment":[{"href":"https:\/\/umacieja.net\/blog\/index.php?rest_route=%2Fwp%2Fv2%2Fmedia&parent=2973"}],"wp:term":[{"taxonomy":"category","embeddable":true,"href":"https:\/\/umacieja.net\/blog\/index.php?rest_route=%2Fwp%2Fv2%2Fcategories&post=2973"},{"taxonomy":"post_tag","embeddable":true,"href":"https:\/\/umacieja.net\/blog\/index.php?rest_route=%2Fwp%2Fv2%2Ftags&post=2973"}],"curies":[{"name":"wp","href":"https:\/\/api.w.org\/{rel}","templated":true}]}}