{"id":2957,"date":"2015-06-21T17:43:29","date_gmt":"2015-06-21T15:43:29","guid":{"rendered":"http:\/\/www.umacieja.net\/blog\/?p=2957"},"modified":"2015-06-22T09:49:58","modified_gmt":"2015-06-22T07:49:58","slug":"kaganek-wiary-zaplonal-na-wsi","status":"publish","type":"post","link":"https:\/\/umacieja.net\/blog\/?p=2957","title":{"rendered":"Kaganek wiary zap\u0142on\u0105\u0142 na wsi"},"content":{"rendered":"<p><a href=\"http:\/\/www.umacieja.net\/blog\/wp-content\/uploads\/2015\/06\/Kaganek_wiary_017.jpg\"><img decoding=\"async\" loading=\"lazy\" class=\"aligncenter size-full wp-image-2958\" src=\"http:\/\/www.umacieja.net\/blog\/wp-content\/uploads\/2015\/06\/Kaganek_wiary_017.jpg\" alt=\"SONY DSC\" width=\"600\" height=\"398\" srcset=\"https:\/\/umacieja.net\/blog\/wp-content\/uploads\/2015\/06\/Kaganek_wiary_017.jpg 600w, https:\/\/umacieja.net\/blog\/wp-content\/uploads\/2015\/06\/Kaganek_wiary_017-300x199.jpg 300w\" sizes=\"(max-width: 600px) 100vw, 600px\" \/><\/a><\/p>\n<p>Jak mieszka\u0144com wsi dzisiaj g\u0142osi\u0107 Dobr\u0105 Nowin\u0119? Czy Nowa Ewangelizacja ma szanse zaistnie\u0107 po\u015br\u00f3d &#8222;pag\u00f3rk\u00f3w le\u015bnych, \u0142\u0105k zielonych, p\u00f3l malowanych zbo\u017cem rozmaitem, wyz\u0142acanych pszenic\u0105, posrebrzanych \u017cytem&#8221; (A. Mickiewicz). To troch\u0119 jak w filmie Zakochany Anio\u0142, scena w Bieszczadach: <a href=\"https:\/\/www.youtube.com\/watch?v=tKXMTRyk59M\">tu czas p\u0142ynie wolniej.<\/a> Naznaczony jest zmieniaj\u0105cymi si\u0119 porami roku, dobowym cyklem karmienia i sprz\u0105tania u hodowanych zwierz\u0105t. Wiara tu raczej ludowa, a\u017c za bardzo zdroworozs\u0105dkowa, bez wi\u0119kszych emocji.\u00a0 Wiadomo, \u017ce Panu Bogu cze\u015b\u0107 si\u0119 nale\u017cy i \u201ena nic si\u0119 zda wstawa\u0107 o p\u00f3\u0142nocy, je\u015bli nie masz Pa\u0144skiej pomocy\u2026&#8221;. Zaproponowa\u0142em kiedy\u015b, aby\u015bmy stworzyli w parafii Kr\u0119gi Ko\u015bcio\u0142a Domowego. Zaprosi\u0142em przedstawicieli Ko\u015bcio\u0142a Domowego ze \u015bwiadectwem i modlitw\u0105. Parafianie pos\u0142uchali i na moj\u0105 inicjatyw\u0119 odpowiedzieli tak: kr\u0119gi to my mamy w ka\u017cd\u0105 niedziel\u0119 po Mszach jak si\u0119 spotkamy i pogadamy w k\u00f3\u0142eczkach przed ko\u015bcio\u0142em.<\/p>\n<p>A mo\u017ce nowe Ko\u0142o \u017cywego R\u00f3\u017ca\u0144ca za\u0142o\u017cymy &#8211; zaproponowa\u0142em przed peregrynacj\u0105 figury Matki Boskiej Fatimskiej. Po co? \u017beby plotkowa\u0107 na spotkaniach? Wol\u0119 si\u0119 samotnie pomodli\u0107 w domu &#8211; pad\u0142a odpowied\u017a od jednej parafianki.<\/p>\n<p>Takie to s\u0105 sielskie klimaty. Jednak Ewangelia jest tu dobrze rozumiana. Pan Jezus doskonale zna\u0142 \u017cycie na wsi. Jego przypowie\u015bci w wi\u0119kszo\u015bci by\u0142y adresowane do rolnik\u00f3w, inspirowane by\u0142y \u017cyciem ludzi na wsi. Mo\u017cna \u015bmia\u0142o przyzna\u0107, \u017ce Jezus zna\u0142 si\u0119 na rolnictwie: na sianiu, wzro\u015bcie, ziarnie, chwa\u015bcie, winie, chlebie.<\/p>\n<p>Mam wi\u0119c nadziej\u0119, \u017ce s\u0142owa Maryi: &#8222;zr\u00f3bcie wszystko, co Wam powie m\u00f3j Syn&#8221; (J 2,1-12) moi Parafianie potraktuj\u0105 powa\u017cnie i otworz\u0105 na nowo\u00a0 swoje serca i umys\u0142y na Dobr\u0105 Nowin\u0119 przygotowuj\u0105c si\u0119 i podczas nawiedzenia Pani Jasnog\u00f3rskiej. Przebudz\u0105 cz\u0119sto u\u015bpion\u0105 i zm\u0119czon\u0105 wiar\u0119. Ogrzej\u0105 si\u0119 przy \u017cywym p\u0142omieniu tej wiary. Przytul\u0105 si\u0119 do serca Matki, kt\u00f3ra wszystko rozumie. <a href=\"http:\/\/www.duszpasterski.pl\/1170,l1.html\">Rozwi\u0144my wi\u0119c b\u0142\u0119kitne sztandary!<\/a><\/p>\n","protected":false},"excerpt":{"rendered":"<p>Jak mieszka\u0144com wsi dzisiaj g\u0142osi\u0107 Dobr\u0105 Nowin\u0119? Czy Nowa Ewangelizacja ma szanse zaistnie\u0107 po\u015br\u00f3d &#8222;pag\u00f3rk\u00f3w le\u015bnych, \u0142\u0105k zielonych, p\u00f3l malowanych zbo\u017cem rozmaitem, wyz\u0142acanych pszenic\u0105, posrebrzanych \u017cytem&#8221; (A. Mickiewicz). To troch\u0119 jak w filmie Zakochany Anio\u0142, scena w Bieszczadach: tu czas p\u0142ynie wolniej. Naznaczony jest zmieniaj\u0105cymi si\u0119 porami roku, dobowym cyklem karmienia i sprz\u0105tania u hodowanych [&hellip;]<\/p>\n","protected":false},"author":1,"featured_media":0,"comment_status":"open","ping_status":"closed","sticky":false,"template":"","format":"standard","meta":{"ngg_post_thumbnail":0},"categories":[1],"tags":[],"_links":{"self":[{"href":"https:\/\/umacieja.net\/blog\/index.php?rest_route=\/wp\/v2\/posts\/2957"}],"collection":[{"href":"https:\/\/umacieja.net\/blog\/index.php?rest_route=\/wp\/v2\/posts"}],"about":[{"href":"https:\/\/umacieja.net\/blog\/index.php?rest_route=\/wp\/v2\/types\/post"}],"author":[{"embeddable":true,"href":"https:\/\/umacieja.net\/blog\/index.php?rest_route=\/wp\/v2\/users\/1"}],"replies":[{"embeddable":true,"href":"https:\/\/umacieja.net\/blog\/index.php?rest_route=%2Fwp%2Fv2%2Fcomments&post=2957"}],"version-history":[{"count":0,"href":"https:\/\/umacieja.net\/blog\/index.php?rest_route=\/wp\/v2\/posts\/2957\/revisions"}],"wp:attachment":[{"href":"https:\/\/umacieja.net\/blog\/index.php?rest_route=%2Fwp%2Fv2%2Fmedia&parent=2957"}],"wp:term":[{"taxonomy":"category","embeddable":true,"href":"https:\/\/umacieja.net\/blog\/index.php?rest_route=%2Fwp%2Fv2%2Fcategories&post=2957"},{"taxonomy":"post_tag","embeddable":true,"href":"https:\/\/umacieja.net\/blog\/index.php?rest_route=%2Fwp%2Fv2%2Ftags&post=2957"}],"curies":[{"name":"wp","href":"https:\/\/api.w.org\/{rel}","templated":true}]}}