{"id":2937,"date":"2015-06-16T22:29:23","date_gmt":"2015-06-16T20:29:23","guid":{"rendered":"http:\/\/www.umacieja.net\/blog\/?p=2937"},"modified":"2015-06-16T22:32:39","modified_gmt":"2015-06-16T20:32:39","slug":"takie-male-spostrzezenie-o-rownosci","status":"publish","type":"post","link":"https:\/\/umacieja.net\/blog\/?p=2937","title":{"rendered":"Takie ma\u0142e spostrze\u017cenie o R\u00d3WNO\u015aCI"},"content":{"rendered":"<p><a href=\"http:\/\/www.umacieja.net\/blog\/wp-content\/uploads\/2015\/06\/Kongres_Misyjny_2015_041.jpg\"><img decoding=\"async\" loading=\"lazy\" class=\"  wp-image-2940 alignright\" src=\"http:\/\/www.umacieja.net\/blog\/wp-content\/uploads\/2015\/06\/Kongres_Misyjny_2015_041.jpg\" alt=\"SONY DSC\" width=\"431\" height=\"286\" srcset=\"https:\/\/umacieja.net\/blog\/wp-content\/uploads\/2015\/06\/Kongres_Misyjny_2015_041.jpg 600w, https:\/\/umacieja.net\/blog\/wp-content\/uploads\/2015\/06\/Kongres_Misyjny_2015_041-300x199.jpg 300w\" sizes=\"(max-width: 431px) 100vw, 431px\" \/><\/a><a href=\"http:\/\/www.umacieja.net\/blog\/wp-content\/uploads\/2015\/06\/Kongres-Misyjny-2015-198.jpg\"><img decoding=\"async\" loading=\"lazy\" class=\"aligncenter  wp-image-2938\" src=\"http:\/\/www.umacieja.net\/blog\/wp-content\/uploads\/2015\/06\/Kongres-Misyjny-2015-198.jpg\" alt=\"SONY DSC\" width=\"430\" height=\"285\" srcset=\"https:\/\/umacieja.net\/blog\/wp-content\/uploads\/2015\/06\/Kongres-Misyjny-2015-198.jpg 600w, https:\/\/umacieja.net\/blog\/wp-content\/uploads\/2015\/06\/Kongres-Misyjny-2015-198-300x199.jpg 300w\" sizes=\"(max-width: 430px) 100vw, 430px\" \/><\/a><\/p>\n<p>13 czerwca wraz\u00a0 z grup\u0105 45 dzieci, mia\u0142em zaszczyt i rado\u015b\u0107, reprezentowa\u0107 dekanat Dobrzy\u0144 n. Drw\u0119c\u0105 na <a href=\"http:\/\/www.dzieciom-misji.missio.org.pl\/index.php?f01=3xxx556xxxxxxxxxx&amp;idss=19442462s5036\">IV Krajowym Kongresie Misyjnym<\/a>. Atmosfera spotkania by\u0142a ciep\u0142a, radosna, modlitewna. Przyjecha\u0142o na spotkanie 5.000 dzieci z ca\u0142ej Polski. Dzieci pi\u0119knie i kolorowo przebrane. W r\u0119kach &#8222;flagi misyjnego zapa\u0142u&#8221;, &#8222;hojne d\u0142onie&#8221;, czyli misyjna d\u0142o\u0144 modlitwy, wykonane z papieru: do machania, pozdrawiania i modlitwy. D\u0142onie cieszy\u0142y si\u0119 wielkim powodzeniem. To Ojciec \u015awi\u0119ty Franciszek nauczy\u0142 nas \u201eModlitwy pi\u0119ciu palc\u00f3w\u201d. Kciuk, to palec, kt\u00f3ry jest najbli\u017cej nas. Modlimy si\u0119 za tych, kt\u00f3rzy s\u0105 nam najbli\u017csi. To osoby wa\u017cne w\u00a0naszym \u017cyciu, o\u00a0kt\u00f3rych cz\u0119sto my\u015blimy. Palec wskazuj\u0105cy przypomina o modlitwie za tych, kt\u00f3rzy wychowuj\u0105, ucz\u0105 i lecz\u0105.\u00a0Palec \u015brodkowy &#8211; najwy\u017cszy z palc\u00f3w. Przypomina o przyw\u00f3dcach, rz\u0105dz\u0105cych i wszystkich tych, kt\u00f3rzy maj\u0105 w\u0142adz\u0119 i decyduj\u0105 o naszym \u017cyciu, o losie naszej wsp\u00f3lnoty, miasta, kraju (dzieci modli\u0142y si\u0119 za Prezydenta Elekta, W\u00f3jt\u00f3w, So\u0142tys\u00f3w). Palec serdeczny. To nasz najs\u0142abszy palec. On ma nam przypomina\u0107 o modlitwie za najs\u0142abszych, chorych, zagubionych, bezradnych i bezsilnych. Palec ma\u0142y, to palec ostatni, najmniejszy ze wszystkich, przypomina o\u00a0 modlitwie za nas samych. Wi\u0119cej o Kongresie tu <a href=\"http:\/\/www.parafiadulsk.pl\/galeria\/thumbnails.php?album=219\">foto.<\/a><\/p>\n<p>Podczas trwania Kongresu, obok hali Torwar na kt\u00f3rej byli\u015bmy, trwa\u0142y przygotowania do 15 Parady R\u00f3wno\u015bci. Dekorowano TIR-y, zawieszano banery (foto nr 2). My ko\u0144czyli\u015bmy, oni zaczynali. Dwa \u015bwiaty. Dwa bieguny. Pewnie, \u017ce ka\u017cdy ma prawo do wyra\u017cania swoich pogl\u0105d\u00f3w, demonstracji, zrzeszania si\u0119, wyra\u017cania r\u00f3wno\u015bci i innych warto\u015bci. Ka\u017cdy robi, co lubi&#8230; Jest wolno\u015b\u0107. Ale czy jest R\u00d3WNO\u015a\u0106?<\/p>\n<p>Demonstranci z Parady R\u00d3WNO\u015aCI domagaj\u0105 si\u0119 r\u00f3wno\u015bci, co wida\u0107 na plakacie na zdj\u0119ciu wykonanym z mojego autokaru: &#8222;R\u00f3wne prawa, wsp\u00f3lna sprawa&#8221;. A tymczasem takie jest moje ma\u0142e spostrze\u017cenie w temacie R\u00d3WNO\u015aCI:<\/p>\n<p>&#8211; Na Krajowym Kongresie Misyjnym nie by\u0142o \u017cadnej kamery, ani mikrofonu z medi\u00f3w publicznych (jaka jest ich rola, zadanie, misja, powo\u0142anie?), a tym bardziej komercyjnych. Nic nie pokazano w mediach o tym dobrym i pi\u0119knym spotkaniu.<\/p>\n<p>&#8211; Natomiast Parad\u0119 R\u00f3wno\u015bci musieli\u015bmy ogl\u0105da\u0107 niemal we wszystkich mediach, s\u0142ucha\u0107 i czyta\u0107. Wystarczy wpisa\u0107 w wyszukiwark\u0119 internetow\u0105 te dwa wydarzenia z jednego dnia: 13 czerwca 2015. Patronem tego dnia jest <a href=\"http:\/\/kosciol.wiara.pl\/doc\/490631.Najpopularniejszy-sw-Antoni-z-Padwy\">\u015bw. Antoni, patron zagubionych. <\/a>Przypadek?<\/p>\n<p>Czy dzisiaj s\u0105 w Polsce r\u00f3wne prawa? Takie moje ma\u0142e spostrze\u017cenie&#8230; Zn\u00f3w sprawdza si\u0119 powiedzenie: dobro jest ciche i pokorne, nie narzuca si\u0119. Z\u0142o krzyczy, ujada i wrzeszczy!<\/p>\n<p>&nbsp;<\/p>\n<p>&nbsp;<\/p>\n","protected":false},"excerpt":{"rendered":"<p>13 czerwca wraz\u00a0 z grup\u0105 45 dzieci, mia\u0142em zaszczyt i rado\u015b\u0107, reprezentowa\u0107 dekanat Dobrzy\u0144 n. Drw\u0119c\u0105 na IV Krajowym Kongresie Misyjnym. Atmosfera spotkania by\u0142a ciep\u0142a, radosna, modlitewna. Przyjecha\u0142o na spotkanie 5.000 dzieci z ca\u0142ej Polski. Dzieci pi\u0119knie i kolorowo przebrane. W r\u0119kach &#8222;flagi misyjnego zapa\u0142u&#8221;, &#8222;hojne d\u0142onie&#8221;, czyli misyjna d\u0142o\u0144 modlitwy, wykonane z papieru: do [&hellip;]<\/p>\n","protected":false},"author":1,"featured_media":0,"comment_status":"open","ping_status":"closed","sticky":false,"template":"","format":"standard","meta":{"ngg_post_thumbnail":0},"categories":[1],"tags":[],"_links":{"self":[{"href":"https:\/\/umacieja.net\/blog\/index.php?rest_route=\/wp\/v2\/posts\/2937"}],"collection":[{"href":"https:\/\/umacieja.net\/blog\/index.php?rest_route=\/wp\/v2\/posts"}],"about":[{"href":"https:\/\/umacieja.net\/blog\/index.php?rest_route=\/wp\/v2\/types\/post"}],"author":[{"embeddable":true,"href":"https:\/\/umacieja.net\/blog\/index.php?rest_route=\/wp\/v2\/users\/1"}],"replies":[{"embeddable":true,"href":"https:\/\/umacieja.net\/blog\/index.php?rest_route=%2Fwp%2Fv2%2Fcomments&post=2937"}],"version-history":[{"count":0,"href":"https:\/\/umacieja.net\/blog\/index.php?rest_route=\/wp\/v2\/posts\/2937\/revisions"}],"wp:attachment":[{"href":"https:\/\/umacieja.net\/blog\/index.php?rest_route=%2Fwp%2Fv2%2Fmedia&parent=2937"}],"wp:term":[{"taxonomy":"category","embeddable":true,"href":"https:\/\/umacieja.net\/blog\/index.php?rest_route=%2Fwp%2Fv2%2Fcategories&post=2937"},{"taxonomy":"post_tag","embeddable":true,"href":"https:\/\/umacieja.net\/blog\/index.php?rest_route=%2Fwp%2Fv2%2Ftags&post=2937"}],"curies":[{"name":"wp","href":"https:\/\/api.w.org\/{rel}","templated":true}]}}