{"id":292,"date":"2011-09-22T21:38:23","date_gmt":"2011-09-22T19:38:23","guid":{"rendered":"http:\/\/www.umacieja.net\/blog\/?p=292"},"modified":"2011-09-24T08:20:43","modified_gmt":"2011-09-24T06:20:43","slug":"chce-wyjechac-za-wies","status":"publish","type":"post","link":"https:\/\/umacieja.net\/blog\/?p=292","title":{"rendered":"Chc\u0119 wyjecha\u0107 za wie\u015b&#8230;"},"content":{"rendered":"<p style=\"text-align: center;\"><img decoding=\"async\" loading=\"lazy\" class=\"aligncenter\" title=\"Wie\u015b\" src=\"http:\/\/www.parafiadulsk.pl\/galeria\/albums\/userpics\/10001\/Chc%C4%99%20wyjecha%C4%87%20za%20wie%C5%9B%20055.jpg\" alt=\"\" width=\"356\" height=\"474\" \/><\/p>\n<p>Uda\u0142o si\u0119 nam wyjecha\u0107 za wie\u015b na 4 dni i powr\u00f3ci\u0107 na wie\u015b. Wdzi\u0119czni jeste\u015bmy dobrym Kobietom za zorganizowanie pi\u0119knego wyjazdu za wie\u015b. Zobaczyli\u015bmy Pieskow\u0105 Ska\u0142\u0119, zamieszkali\u015bmy w Sto\u0142owem- miejscowo\u015bci z kt\u00f3rej roztacza si\u0119\u00a0 zachwycaj\u0105cy widok na Tatry. Wjechali\u015bmy na Kasprowy Wiech, sk\u0105pany w s\u0142o\u0144cu. Co niekt\u00f3rzy mieli odwag\u0119 zej\u015b\u0107 do Zakopanego przez Murowaniec, Skupni\u00f3w Up\u0142az i\u00a0 Nosal. Po drodze mogli do\u015bwiadczy\u0107 twardo\u015bci g\u00f3r i b\u00f3lu w\u0119drowania <em>(&#8230;kamienie s\u0105 po to, \u017ceby nam nogi rani\u0142y&#8230;) <\/em>ale i niezapomnianych widok\u00f3w, dzielenia si\u0119, pomocy, wsp\u00f3\u0142odczuwania. Msz\u0119 \u015bw. niedzieln\u0105 prze\u017cyli\u015bmy w Sanktuarium MB Fatimskiej na Krzept\u00f3wkach. Nast\u0119pnego dnia sp\u0142yn\u0119li\u015bmy uspakajaj\u0105cym prze\u0142omem Dunajca, wymoczyli\u015bmy zm\u0119czone cia\u0142a w wodach termalnych, stracili\u015bmy reszt\u0119 dutk\u00f3w w Dolinie Biznesu, najcz\u0119\u015bciej kupuj\u0105c na prezent kapcie dla najbli\u017cszych&#8230; A wieczorem radowali\u015bmy si\u0119 ta\u0144cem i biesiad\u0105 we wsp\u00f3lnocie przy kapeli g\u00f3ralskiej.<\/p>\n<p>Ostatniego dnia przez Guba\u0142\u00f3wk\u0119 i Krak\u00f3w wr\u00f3cili\u015bmy na wie\u015b, bo nie ma jak na wsi&#8230; Ludzie dobrzy, \u017cyczliwi, chwal\u0105 Boga jak mog\u0105, chocia\u017c troch\u0119 leniwi w niedzielnej s\u0142u\u017cbie Bogu. Powietrze bywa \u015bwie\u017ce za rzadko (jak na wie\u015b!). Kochaj\u0105 ziemi\u0119 jak matk\u0119. Lubi\u0105 si\u0119 bawi\u0107 &#8211; mo\u017ce a\u017c za bardzo! Dziel\u0105 si\u0119 tym co maj\u0105: chlebem powszednim z pieca, mlekiem, ziemniakami, kaczk\u0105, kur\u0105, jajkiem, kie\u0142bas\u0105.<\/p>\n<p>Dzisiaj dzieci z naszych wiejskich szk\u00f3\u0142\u00a0 malowa\u0142y\u00a0 \u015bw. Tekl\u0119 &#8211; patronk\u0119, kt\u00f3rej odpust prze\u017cywa\u0107 b\u0119dziemy w najbli\u017csz\u0105 niedziel\u0119. I zwr\u00f3ci\u0142y uwag\u0119 w swoich malowid\u0142ach na detale &#8211; symbole z\u0142a i z\u0142ych ludzi: ognisko, lwa, w\u0119\u017ce.To z\u0142o atakowa\u0142o pi\u0119kn\u0105 chrze\u015bcijank\u0119 z I wieku. Tekla wygra\u0142a; zwyci\u0119\u017cy\u0142a z\u0142o! Obroni\u0142a dobro i pi\u0119kno! Dzieci zrozumia\u0142y, \u017ce trzeba walczy\u0107 ze z\u0142em i broni\u0107 dobra. Nie obra\u017ca\u0142y uczu\u0107 religijnych i nie udawa\u0142y satanist\u00f3w jak pewien p. N. aby wyp\u0142yn\u0105\u0107 w mediach&#8230;\u00a0 Je\u015bli nie staniecie si\u0119 jak dzieci, nie wejdziecie do Kr\u00f3lestwa Niebieskiego! Wystaw\u0119 prac dzieci o \u015bw. Tekli mo\u017cna ogl\u0105da\u0107 w naszej \u015bwi\u0105tyni.<\/p>\n<p>Czy jest jeszcze gdzie\u015b prawdziwa ta wie\u015b&#8230;?<\/p>\n<p><em>Czy jest jeszcze gdzie\u015b prawdziwa ta wie\u015b<\/em><em> zielona, pachn\u0105ca lnem?<\/em><br \/>\n<em> Z polami w\u015br\u00f3d \u0142\u0105k, z garnkami, co schn\u0105<\/em><em> na p\u0142otach do g\u00f3ry dnem?<\/em><br \/>\n<em> Z chatami w\u015br\u00f3d p\u00f3l i z mlekiem na st\u00f3\u0142,<\/em><em> z \u017celazkiem, co dusz\u0119 ma?<\/em><br \/>\n<em> Niech ka\u017cdy jedzie tam, gdzie chce,<\/em><em> a ja swoje \u015bcie\u017cki mam! <iframe width=\"500\" height=\"375\" src=\"https:\/\/www.youtube.com\/embed\/4386DTXpp4U?feature=oembed\" frameborder=\"0\" allow=\"autoplay; encrypted-media\" allowfullscreen><\/iframe><br \/>\n<\/em><\/p>\n","protected":false},"excerpt":{"rendered":"<p>Uda\u0142o si\u0119 nam wyjecha\u0107 za wie\u015b na 4 dni i powr\u00f3ci\u0107 na wie\u015b. Wdzi\u0119czni jeste\u015bmy dobrym Kobietom za zorganizowanie pi\u0119knego wyjazdu za wie\u015b. Zobaczyli\u015bmy Pieskow\u0105 Ska\u0142\u0119, zamieszkali\u015bmy w Sto\u0142owem- miejscowo\u015bci z kt\u00f3rej roztacza si\u0119\u00a0 zachwycaj\u0105cy widok na Tatry. Wjechali\u015bmy na Kasprowy Wiech, sk\u0105pany w s\u0142o\u0144cu. Co niekt\u00f3rzy mieli odwag\u0119 zej\u015b\u0107 do Zakopanego przez Murowaniec, Skupni\u00f3w [&hellip;]<\/p>\n","protected":false},"author":1,"featured_media":0,"comment_status":"open","ping_status":"closed","sticky":false,"template":"","format":"standard","meta":{"ngg_post_thumbnail":0},"categories":[1],"tags":[],"_links":{"self":[{"href":"https:\/\/umacieja.net\/blog\/index.php?rest_route=\/wp\/v2\/posts\/292"}],"collection":[{"href":"https:\/\/umacieja.net\/blog\/index.php?rest_route=\/wp\/v2\/posts"}],"about":[{"href":"https:\/\/umacieja.net\/blog\/index.php?rest_route=\/wp\/v2\/types\/post"}],"author":[{"embeddable":true,"href":"https:\/\/umacieja.net\/blog\/index.php?rest_route=\/wp\/v2\/users\/1"}],"replies":[{"embeddable":true,"href":"https:\/\/umacieja.net\/blog\/index.php?rest_route=%2Fwp%2Fv2%2Fcomments&post=292"}],"version-history":[{"count":0,"href":"https:\/\/umacieja.net\/blog\/index.php?rest_route=\/wp\/v2\/posts\/292\/revisions"}],"wp:attachment":[{"href":"https:\/\/umacieja.net\/blog\/index.php?rest_route=%2Fwp%2Fv2%2Fmedia&parent=292"}],"wp:term":[{"taxonomy":"category","embeddable":true,"href":"https:\/\/umacieja.net\/blog\/index.php?rest_route=%2Fwp%2Fv2%2Fcategories&post=292"},{"taxonomy":"post_tag","embeddable":true,"href":"https:\/\/umacieja.net\/blog\/index.php?rest_route=%2Fwp%2Fv2%2Ftags&post=292"}],"curies":[{"name":"wp","href":"https:\/\/api.w.org\/{rel}","templated":true}]}}