{"id":2869,"date":"2015-04-19T17:39:54","date_gmt":"2015-04-19T15:39:54","guid":{"rendered":"http:\/\/www.umacieja.net\/blog\/?p=2869"},"modified":"2015-04-19T18:57:43","modified_gmt":"2015-04-19T16:57:43","slug":"czekoladowy-kosciol","status":"publish","type":"post","link":"https:\/\/umacieja.net\/blog\/?p=2869","title":{"rendered":"Ko\u015bci\u00f3\u0142 czekoladowy"},"content":{"rendered":"<p style=\"text-align: justify;\"><a href=\"http:\/\/www.umacieja.net\/blog\/wp-content\/uploads\/2015\/04\/Obraz-261.jpg\"><img decoding=\"async\" loading=\"lazy\" class=\"wp-image-2870 alignleft\" src=\"http:\/\/www.umacieja.net\/blog\/wp-content\/uploads\/2015\/04\/Obraz-261.jpg\" alt=\"SONY DSC\" width=\"281\" height=\"191\" srcset=\"https:\/\/umacieja.net\/blog\/wp-content\/uploads\/2015\/04\/Obraz-261.jpg 600w, https:\/\/umacieja.net\/blog\/wp-content\/uploads\/2015\/04\/Obraz-261-300x204.jpg 300w\" sizes=\"(max-width: 281px) 100vw, 281px\" \/><\/a> <a href=\"http:\/\/www.umacieja.net\/blog\/wp-content\/uploads\/2015\/04\/DSC_7593.jpg\"><img decoding=\"async\" loading=\"lazy\" class=\"  wp-image-2871 alignright\" src=\"http:\/\/www.umacieja.net\/blog\/wp-content\/uploads\/2015\/04\/DSC_7593.jpg\" alt=\"DSC_7593\" width=\"301\" height=\"187\" srcset=\"https:\/\/umacieja.net\/blog\/wp-content\/uploads\/2015\/04\/DSC_7593.jpg 600w, https:\/\/umacieja.net\/blog\/wp-content\/uploads\/2015\/04\/DSC_7593-300x187.jpg 300w\" sizes=\"(max-width: 301px) 100vw, 301px\" \/><\/a><\/p>\n<p style=\"text-align: justify;\">Najm\u0142odsze dzieci bardzo lubi\u0105 malowa\u0107. Kilka dni temu na lekcji religii w przedszkolu dziecko zawo\u0142a\u0142o na g\u0142os: panie ksi\u0119dzu, czy ja mog\u0119 namalowa\u0107 co\u015b?. A co chcia\u0142by\u015b namalowa\u0107? &#8211; zapyta\u0142em. Nasz ko\u015bci\u00f3\u0142ek. No dobrze, to malujemy wszyscy. Zapyta\u0142em o kolor naszej \u015bwi\u0105tyni. Dzieci szybko odpowiedzia\u0142y: czekoladowy! Rzeczywi\u015bcie, dzieci mia\u0142y racj\u0119. Nigdy nie s\u0105dzi\u0142em, \u017ce to kolor czekoladowy. Podczas <a href=\"http:\/\/www.parafiadulsk.pl\/galeria\/thumbnails.php?album=73&amp;page=7\">konserwacji drewnianej elewacji w 2012 roku <\/a>malowali\u015bmy go podw\u00f3jnie drewnochronem koloru orzech ciemny. Ostatecznie wyszed\u0142 br\u0105zowy, a wg dzieci czekoladowy &#8211; smacznie si\u0119 kojarzy! Na fotografiach wida\u0107 r\u00f3\u017cnice przed konserwacj\u0105 <em>(foto 1<\/em>) i po konserwacji (<em>foto 2; obiektyw &#8222;rybie oko&#8221; spowodowa\u0142 to wra\u017cenie, \u017ce dzwonnica si\u0119 nam k\u0142ania&#8230;<\/em>).<\/p>\n<p style=\"text-align: justify;\">Zaproponowa\u0142em moim studentom z przedszkola, aby\u015bmy zbudowali ko\u015bci\u00f3\u0142 z prawdziwej czekolady. Ch\u0119tnie dzieci pomog\u0142yby. Pada\u0142y pomys\u0142y, kt\u00f3ra czekolada najbardziej si\u0119 nadaje i ile kilogram\u00f3w potrzeba do tego. Na koniec postawi\u0142em pytanie: co zrobi\u0107, aby wszystkie dzieci i wszyscy doro\u015bli kochali nasz\u0105 \u015bwi\u0105tyni\u0119 i ch\u0119tnie do niej przychodzili? Podpowiedzia\u0142em: a gdybym rozdawa\u0142 w ko\u015bciele czekolad\u0119, to czy przyszliby? Ch\u0142opak szybko odpowiedzia\u0142 tak: m\u00f3j tata nie chodzi do ko\u015bcio\u0142a, ale lubi piwo. Codziennie je pije. Gdyby ksi\u0105dz dawa\u0142 piwo w ko\u015bciele, to tata by przyszed\u0142&#8230;<\/p>\n<p style=\"text-align: justify;\">To chyba dobry pomys\u0142. Mamy przyk\u0142ad z g\u00f3ry, od samego Benedykta XVI: na zdrowie! Oby nie za du\u017co&#8230;<\/p>\n<p style=\"text-align: justify;\"><a href=\"http:\/\/www.umacieja.net\/blog\/wp-content\/uploads\/2015\/04\/11136627_943161412395115_6678248570084803099_n.jpg\"><img decoding=\"async\" loading=\"lazy\" class=\"aligncenter  wp-image-2883\" src=\"http:\/\/www.umacieja.net\/blog\/wp-content\/uploads\/2015\/04\/11136627_943161412395115_6678248570084803099_n.jpg\" alt=\"11136627_943161412395115_6678248570084803099_n\" width=\"539\" height=\"359\" srcset=\"https:\/\/umacieja.net\/blog\/wp-content\/uploads\/2015\/04\/11136627_943161412395115_6678248570084803099_n.jpg 960w, https:\/\/umacieja.net\/blog\/wp-content\/uploads\/2015\/04\/11136627_943161412395115_6678248570084803099_n-300x200.jpg 300w\" sizes=\"(max-width: 539px) 100vw, 539px\" \/><\/a><\/p>\n<p style=\"text-align: justify;\">\n","protected":false},"excerpt":{"rendered":"<p>Najm\u0142odsze dzieci bardzo lubi\u0105 malowa\u0107. Kilka dni temu na lekcji religii w przedszkolu dziecko zawo\u0142a\u0142o na g\u0142os: panie ksi\u0119dzu, czy ja mog\u0119 namalowa\u0107 co\u015b?. A co chcia\u0142by\u015b namalowa\u0107? &#8211; zapyta\u0142em. Nasz ko\u015bci\u00f3\u0142ek. No dobrze, to malujemy wszyscy. Zapyta\u0142em o kolor naszej \u015bwi\u0105tyni. Dzieci szybko odpowiedzia\u0142y: czekoladowy! Rzeczywi\u015bcie, dzieci mia\u0142y racj\u0119. Nigdy nie s\u0105dzi\u0142em, \u017ce to [&hellip;]<\/p>\n","protected":false},"author":1,"featured_media":0,"comment_status":"open","ping_status":"closed","sticky":false,"template":"","format":"standard","meta":{"ngg_post_thumbnail":0},"categories":[1],"tags":[],"_links":{"self":[{"href":"https:\/\/umacieja.net\/blog\/index.php?rest_route=\/wp\/v2\/posts\/2869"}],"collection":[{"href":"https:\/\/umacieja.net\/blog\/index.php?rest_route=\/wp\/v2\/posts"}],"about":[{"href":"https:\/\/umacieja.net\/blog\/index.php?rest_route=\/wp\/v2\/types\/post"}],"author":[{"embeddable":true,"href":"https:\/\/umacieja.net\/blog\/index.php?rest_route=\/wp\/v2\/users\/1"}],"replies":[{"embeddable":true,"href":"https:\/\/umacieja.net\/blog\/index.php?rest_route=%2Fwp%2Fv2%2Fcomments&post=2869"}],"version-history":[{"count":0,"href":"https:\/\/umacieja.net\/blog\/index.php?rest_route=\/wp\/v2\/posts\/2869\/revisions"}],"wp:attachment":[{"href":"https:\/\/umacieja.net\/blog\/index.php?rest_route=%2Fwp%2Fv2%2Fmedia&parent=2869"}],"wp:term":[{"taxonomy":"category","embeddable":true,"href":"https:\/\/umacieja.net\/blog\/index.php?rest_route=%2Fwp%2Fv2%2Fcategories&post=2869"},{"taxonomy":"post_tag","embeddable":true,"href":"https:\/\/umacieja.net\/blog\/index.php?rest_route=%2Fwp%2Fv2%2Ftags&post=2869"}],"curies":[{"name":"wp","href":"https:\/\/api.w.org\/{rel}","templated":true}]}}