{"id":2844,"date":"2015-04-04T15:01:38","date_gmt":"2015-04-04T13:01:38","guid":{"rendered":"http:\/\/www.umacieja.net\/blog\/?p=2844"},"modified":"2015-04-05T13:43:55","modified_gmt":"2015-04-05T11:43:55","slug":"zyczenia-spod-wiejskiej-strzechy","status":"publish","type":"post","link":"https:\/\/umacieja.net\/blog\/?p=2844","title":{"rendered":"\u017byczenia spod wiejskiej strzechy"},"content":{"rendered":"<p><a href=\"http:\/\/www.umacieja.net\/blog\/wp-content\/uploads\/2015\/04\/Wielka_sobota_2015_031.jpg\"><img decoding=\"async\" loading=\"lazy\" class=\"  wp-image-2845 alignleft\" src=\"http:\/\/www.umacieja.net\/blog\/wp-content\/uploads\/2015\/04\/Wielka_sobota_2015_031.jpg\" alt=\"SONY DSC\" width=\"287\" height=\"190\" srcset=\"https:\/\/umacieja.net\/blog\/wp-content\/uploads\/2015\/04\/Wielka_sobota_2015_031.jpg 600w, https:\/\/umacieja.net\/blog\/wp-content\/uploads\/2015\/04\/Wielka_sobota_2015_031-300x199.jpg 300w\" sizes=\"(max-width: 287px) 100vw, 287px\" \/><\/a><a href=\"http:\/\/www.umacieja.net\/blog\/wp-content\/uploads\/2015\/04\/Wielki_Pi\u0105tek_2015_104.jpg\"><img decoding=\"async\" loading=\"lazy\" class=\"wp-image-2849 alignleft\" src=\"http:\/\/www.umacieja.net\/blog\/wp-content\/uploads\/2015\/04\/Wielki_Pi\u0105tek_2015_104.jpg\" alt=\"SONY DSC\" width=\"288\" height=\"190\" srcset=\"https:\/\/umacieja.net\/blog\/wp-content\/uploads\/2015\/04\/Wielki_Pi\u0105tek_2015_104.jpg 600w, https:\/\/umacieja.net\/blog\/wp-content\/uploads\/2015\/04\/Wielki_Pi\u0105tek_2015_104-300x199.jpg 300w\" sizes=\"(max-width: 288px) 100vw, 288px\" \/><\/a><\/p>\n<p>&nbsp;<\/p>\n<p style=\"text-align: justify;\">Tak wygl\u0105da\u0142o kiedy\u015b \u015bwi\u0119towanie Zmartwychwstania Pa\u0144skiego na wsi:<em> &#8222;A gdy wnet potem ksi\u0105dz zaintonowa\u0142 u o\u0142tarza pie\u015b\u0144 Zmartwychwstania, kiej organy wt\u00f3rem hukn\u0119\u0142y z ca\u0142ej mocy, kiej dzwony za\u015bpiewa\u0142y na ca\u0142y \u015bwiat, a dobrodziej z Przenaj\u015bwi\u0119tszym Sakramentem j\u0105\u0142 zst\u0119powa\u0107 ku narodowi w sinym ob\u0142oku kadzide\u0142 i dzwonnej wrzawie, pie\u015b\u0144 buchn\u0119\u0142a ze wszystkich gardzieli, zakoleba\u0142a si\u0119 ci\u017cba, pal\u0105cy wicher uniesienia osuszy\u0142 \u0142zy i porwa\u0142 dusze, i\u017c naraz spo\u0142em, kiej ten b\u00f3r cz\u0142owieczy, rozchwiany i \u015bpiewaj\u0105cy jednym, ogromnym g\u0142osem, ruszy\u0142 procesj\u0105 za proboszczem, kt\u00f3ren monstrancj\u0119 dzier\u017cy\u0142 przed sob\u0105, \u017ce jakoby s\u0142o\u0144ce z\u0142ociste, s\u0142o\u0144ce promieniej\u0105ce rozgorza\u0142o nad g\u0142owami, p\u0142yn\u0105c z wolna skro\u015b g\u0119stwy nieprzeliczonej, wskro\u015b \u015bwiate\u0142 jarz\u0105cych, w kadzielnych dymach ledwie dojrzane, \u015bpiewaniami opowite i przez oczy wszystkiego narodu, i przez serca wszystkie z mi\u0142o\u015bci\u0105 niesione&#8230;<\/em><br \/>\n<em> Obchodzili ko\u015bci\u00f3\u0142 we \u015brodku a wolniu\u015bko, noga za nog\u0105, cisn\u0105c si\u0119 w strasznej ciasnocie i \u015bpiewaj\u0105c z ca\u0142ej mocy, a organy wci\u0105\u017c gra\u0142y, a dzwony bezustannie bi\u0142y&#8230;<\/em><br \/>\n<em>Alleluja! Alleluja! Alleluja! Hucza\u0142 ko\u015bci\u00f3\u0142, a\u017c mury si\u0119 trz\u0119s\u0142y, \u015bpiewa\u0142y serca wszystkie i gardziele, a te g\u0142osy p\u0142omienne i ogniem nabrzmia\u0142e niby \u017car-ptaki rwa\u0142y si\u0119 z krzykiem wesela ogromnym, ko\u0142owa\u0142y pod sklepieniami, kiejby po\u015blep\u0142e w upale, i w noc wio\u015bnian\u0105 p\u0142yn\u0119\u0142y, na s\u0142o\u0144ca si\u0119 gdziesik nies\u0142y, we wszystek \u015bwiat, kaj jeno uniesieniem dusze cz\u0142owiecze si\u0119gaj\u0105&#8230;<\/em>&#8221; W. Reymont &#8222;Ch\u0142opi&#8221;.<\/p>\n<p style=\"text-align: justify;\">\u017bycz\u0119, aby Jezus Zmartwychwsta\u0142y by\u0142 zawsze s\u0142o\u0144cem promieniej\u0105cym w \u017cyciu, niesionym w sercach wszystkich z mi\u0142o\u015bci\u0105. Bo Wielkanoc jest zawsze tam, gdzie ludzie ucz\u0105 si\u0119 od Jezusa kocha\u0107 bez \u017cadnych warunk\u00f3w i za ka\u017cd\u0105 cen\u0119. Taka Mi\u0142o\u015b\u0107 nie umiera nigdy! Moje najserdeczniejsze pozdrowienia wielkanocne dla TYCH, kt\u00f3rym nie zd\u0105\u017cy\u0142em z\u0142o\u017cy\u0107 \u017cycze\u0144. A tak by\u0142o na wsi: <a href=\"http:\/\/www.parafiadulsk.pl\/galeria\/thumbnails.php?album=215\">zdj\u0119cia <\/a>i <a href=\"https:\/\/www.youtube.com\/user\/ParafiaDulsk\">filmy<\/a>.<\/p>\n<p style=\"text-align: justify;\"><a href=\"https:\/\/www.youtube.com\/watch?v=ZGXdbA6cfhk\">A bociek Bartek wyczu\u0142, gdzie TA MI\u0141O\u015a\u0106 mieszka&#8230;<\/a><\/p>\n","protected":false},"excerpt":{"rendered":"<p>&nbsp; Tak wygl\u0105da\u0142o kiedy\u015b \u015bwi\u0119towanie Zmartwychwstania Pa\u0144skiego na wsi: &#8222;A gdy wnet potem ksi\u0105dz zaintonowa\u0142 u o\u0142tarza pie\u015b\u0144 Zmartwychwstania, kiej organy wt\u00f3rem hukn\u0119\u0142y z ca\u0142ej mocy, kiej dzwony za\u015bpiewa\u0142y na ca\u0142y \u015bwiat, a dobrodziej z Przenaj\u015bwi\u0119tszym Sakramentem j\u0105\u0142 zst\u0119powa\u0107 ku narodowi w sinym ob\u0142oku kadzide\u0142 i dzwonnej wrzawie, pie\u015b\u0144 buchn\u0119\u0142a ze wszystkich gardzieli, zakoleba\u0142a si\u0119 [&hellip;]<\/p>\n","protected":false},"author":1,"featured_media":0,"comment_status":"open","ping_status":"closed","sticky":false,"template":"","format":"standard","meta":{"ngg_post_thumbnail":0},"categories":[1],"tags":[],"_links":{"self":[{"href":"https:\/\/umacieja.net\/blog\/index.php?rest_route=\/wp\/v2\/posts\/2844"}],"collection":[{"href":"https:\/\/umacieja.net\/blog\/index.php?rest_route=\/wp\/v2\/posts"}],"about":[{"href":"https:\/\/umacieja.net\/blog\/index.php?rest_route=\/wp\/v2\/types\/post"}],"author":[{"embeddable":true,"href":"https:\/\/umacieja.net\/blog\/index.php?rest_route=\/wp\/v2\/users\/1"}],"replies":[{"embeddable":true,"href":"https:\/\/umacieja.net\/blog\/index.php?rest_route=%2Fwp%2Fv2%2Fcomments&post=2844"}],"version-history":[{"count":0,"href":"https:\/\/umacieja.net\/blog\/index.php?rest_route=\/wp\/v2\/posts\/2844\/revisions"}],"wp:attachment":[{"href":"https:\/\/umacieja.net\/blog\/index.php?rest_route=%2Fwp%2Fv2%2Fmedia&parent=2844"}],"wp:term":[{"taxonomy":"category","embeddable":true,"href":"https:\/\/umacieja.net\/blog\/index.php?rest_route=%2Fwp%2Fv2%2Fcategories&post=2844"},{"taxonomy":"post_tag","embeddable":true,"href":"https:\/\/umacieja.net\/blog\/index.php?rest_route=%2Fwp%2Fv2%2Ftags&post=2844"}],"curies":[{"name":"wp","href":"https:\/\/api.w.org\/{rel}","templated":true}]}}