{"id":281,"date":"2011-09-05T09:38:02","date_gmt":"2011-09-05T07:38:02","guid":{"rendered":"http:\/\/www.umacieja.net\/blog\/?p=281"},"modified":"2011-09-06T08:36:49","modified_gmt":"2011-09-06T06:36:49","slug":"odnalezc-samego-siebie-2","status":"publish","type":"post","link":"https:\/\/umacieja.net\/blog\/?p=281","title":{"rendered":"Odnale\u017a\u0107 samego siebie."},"content":{"rendered":"<p><img decoding=\"async\" loading=\"lazy\" class=\"aligncenter\" title=\"Kasprowy\" src=\"http:\/\/umacieja.net\/galeria\/albums\/userpics\/Obrazy_1_439.jpg\" alt=\"\" width=\"492\" height=\"369\" \/><\/p>\n<p>Tatry najpi\u0119kniej daj\u0105 si\u0119 pozna\u0107 we wrze\u015bniu. To taki spokojny miesi\u0105c dla nich. Wakacje posz\u0142y do szko\u0142y a na szlaki g\u00f3rskie id\u0105 ludzie po cisz\u0119 i g\u00f3rsk\u0105 samotno\u015b\u0107. Nie w t\u0142umie si\u0119 odnajd\u0105, ale w wymownym milczeniu g\u00f3r.\u00a0 Z moich obserwacji wynika, \u017ce nawet pogoda we wrze\u015bniu jest spokojniejsza. Nie ma wtedy dynamicznych zjawisk pogodowych, kt\u00f3re spotka\u0107 mo\u017cna w lipcu i sierpniu. A zatem w g\u00f3ry czas&#8230;<\/p>\n<p>Tadeusz R\u00f3\u017cewicz niedawno napisa\u0142 taki m\u0105dry wiersz:<\/p>\n<p><em>ci m\u0142odzi ludzie dziewczyny i ch\u0142opcy<\/em><br \/>\n<em> m\u00f3wi\u0105 szybko niewyra\u017anie m\u00f3wi\u0105 \u017ce szukaj\u0105 ?siebie?<\/em><br \/>\n<em> szukaj\u0105 mi\u0142o\u015bci boga zbieraj\u0105 si\u0119 w wielkie stada<\/em><br \/>\n<em> grupy grona gromady sto tysi\u0119cy dwie\u015bcie pi\u0119\u0107set<\/em><br \/>\n<em> milion Czy to nie b\u0142\u0105d czy rzeczywi\u015bcie<\/em><br \/>\n<em> mo\u017cna w tym t\u0142umie odnale\u017a\u0107 siebie<\/em><br \/>\n<em> nadziej\u0119 mi\u0142o\u015b\u0107 wiar\u0119 czy ?najpi\u0119kniej? unosi si\u0119 do nieba<\/em><br \/>\n<em> modlitwa miliona spoconych cia\u0142 czy o to chodzi\u0142o<\/em><br \/>\n<em> Nauczycielowi<\/em><\/p>\n<p><em>jeden skowronek\u00a0 jedna nuta dotrze do Ukrytego<\/em><br \/>\n<em> ale milion skowronk\u00f3w to jest co\u015b<\/em><br \/>\n<em> monstrualnego opami\u0119tajcie si\u0119 m\u0142odzi przyjaciele<\/em><\/p>\n<p><em>jeste\u015bcie przerabiani na mas\u0119<\/em><br \/>\n<em> mas\u0119 ludzk\u0105 masowego odbiorc\u0119<\/em><br \/>\n<em> jeste\u015bcie przerabiani na ciemn\u0105 mas\u0119<\/em><br \/>\n<em> na mas\u0119 towarow\u0105<\/em><\/p>\n<p><em>prosz\u0119 was nie b\u00f3jcie si\u0119 samotno\u015bci<\/em><br \/>\n<em> nie b\u00f3jcie si\u0119 ciszy nie b\u00f3jcie si\u0119 ?nudy?<\/em><br \/>\n<em> pami\u0119tajcie \u017ce milczenie jest wymowne<\/em><br \/>\n<em> \u017ce nienawi\u015b\u0107 krzyczy ryczy ujada i wyje<\/em><br \/>\n<em> mi\u0142o\u015b\u0107 u\u015bmiecha si\u0119 milczy<\/em><br \/>\n<em> czeka na was<\/em><\/p>\n<p>Czasem m\u0142odzi ludzie narzekaj\u0105, \u017ce nie chodz\u0105 do ko\u015bcio\u0142a, bo tam jest nuda, cisza, milczenie, obciach. Modne staj\u0105 si\u0119 bale na tzw &#8222;18&#8221;. Zaprasza si\u0119 go\u015bci jak na wesele. I poprawiny si\u0119 zdarzaj\u0105. Ale o Mszy w intencji jubilata ju\u017c rzadko kto\u00a0 pami\u0119ta. A impreza bywa tak udana, \u017ce i czasu i si\u0142\u00a0 zabraknie by p\u00f3j\u015b\u0107 nast\u0119pnego dnia do ko\u015bcio\u0142a, bo to niedziela. Je\u015bli rodzice na to pozwalaj\u0105, to ju\u017c przegrali!<\/p>\n<p>Bywam ostatnio na ro\u017cnych biesiadach i zabawach do\u017cynkowych. Dobrze, \u017ce s\u0105 ch\u0119tni do organizowania i korzystania z takich rozrywek. Boli mnie to, \u017ce spotykam tam wielu wspania\u0142ych ludzi, na kt\u00f3rych wygl\u0105dam na pr\u00f3\u017cno w ko\u015bciele. Ojcowie i dziadowie powtarzali o kim\u015b pi\u0119knie\u00a0 \u017cyj\u0105cym, kt\u00f3ry odnalaz\u0142 siebie samego tak: \u017ce\u00a0 &#8222;jest i do ta\u0144ca i do r\u00f3\u017ca\u0144ca&#8221;.\u00a0 A dzi\u015b zosta\u0142o tylko:\u00a0\u00a0 &#8222;do ta\u0144ca&#8230;&#8221;.<\/p>\n<p><strong><em>mi\u0142o\u015b\u0107 u\u015bmiecha si\u0119 milczy czeka na was&#8230;<\/em><\/strong><\/p>\n<p>Przodkowie nasi m\u00f3wili te\u017c: &#8222;Bez Boga, ani do proga&#8230;&#8221;. Gdy Go zabraknie,\u00a0 pozostaje tylko\u00a0 &#8222;masa towarowa&#8221; i taki ba\u0142agan w \u017cyciu : <iframe width=\"500\" height=\"375\" src=\"https:\/\/www.youtube.com\/embed\/J_MTvIAo4IU?feature=oembed\" frameborder=\"0\" allow=\"autoplay; encrypted-media\" allowfullscreen><\/iframe><\/p>\n<p>&nbsp;<\/p>\n","protected":false},"excerpt":{"rendered":"<p>Tatry najpi\u0119kniej daj\u0105 si\u0119 pozna\u0107 we wrze\u015bniu. To taki spokojny miesi\u0105c dla nich. Wakacje posz\u0142y do szko\u0142y a na szlaki g\u00f3rskie id\u0105 ludzie po cisz\u0119 i g\u00f3rsk\u0105 samotno\u015b\u0107. Nie w t\u0142umie si\u0119 odnajd\u0105, ale w wymownym milczeniu g\u00f3r.\u00a0 Z moich obserwacji wynika, \u017ce nawet pogoda we wrze\u015bniu jest spokojniejsza. Nie ma wtedy dynamicznych zjawisk pogodowych, [&hellip;]<\/p>\n","protected":false},"author":1,"featured_media":0,"comment_status":"open","ping_status":"closed","sticky":false,"template":"","format":"standard","meta":{"ngg_post_thumbnail":0},"categories":[1],"tags":[],"_links":{"self":[{"href":"https:\/\/umacieja.net\/blog\/index.php?rest_route=\/wp\/v2\/posts\/281"}],"collection":[{"href":"https:\/\/umacieja.net\/blog\/index.php?rest_route=\/wp\/v2\/posts"}],"about":[{"href":"https:\/\/umacieja.net\/blog\/index.php?rest_route=\/wp\/v2\/types\/post"}],"author":[{"embeddable":true,"href":"https:\/\/umacieja.net\/blog\/index.php?rest_route=\/wp\/v2\/users\/1"}],"replies":[{"embeddable":true,"href":"https:\/\/umacieja.net\/blog\/index.php?rest_route=%2Fwp%2Fv2%2Fcomments&post=281"}],"version-history":[{"count":0,"href":"https:\/\/umacieja.net\/blog\/index.php?rest_route=\/wp\/v2\/posts\/281\/revisions"}],"wp:attachment":[{"href":"https:\/\/umacieja.net\/blog\/index.php?rest_route=%2Fwp%2Fv2%2Fmedia&parent=281"}],"wp:term":[{"taxonomy":"category","embeddable":true,"href":"https:\/\/umacieja.net\/blog\/index.php?rest_route=%2Fwp%2Fv2%2Fcategories&post=281"},{"taxonomy":"post_tag","embeddable":true,"href":"https:\/\/umacieja.net\/blog\/index.php?rest_route=%2Fwp%2Fv2%2Ftags&post=281"}],"curies":[{"name":"wp","href":"https:\/\/api.w.org\/{rel}","templated":true}]}}