{"id":2796,"date":"2015-03-07T22:01:02","date_gmt":"2015-03-07T20:01:02","guid":{"rendered":"http:\/\/www.umacieja.net\/blog\/?p=2796"},"modified":"2015-03-12T17:00:06","modified_gmt":"2015-03-12T15:00:06","slug":"ostatni-koronowany-krol-polski","status":"publish","type":"post","link":"https:\/\/umacieja.net\/blog\/?p=2796","title":{"rendered":"Ostatni koronowany kr\u00f3l Polski"},"content":{"rendered":"<p><a href=\"http:\/\/www.umacieja.net\/blog\/wp-content\/uploads\/2015\/03\/Obraz-174.jpg\"><img decoding=\"async\" loading=\"lazy\" class=\"aligncenter  wp-image-2797\" src=\"http:\/\/www.umacieja.net\/blog\/wp-content\/uploads\/2015\/03\/Obraz-174-745x1024.jpg\" alt=\"Obraz (174)\" width=\"496\" height=\"682\" srcset=\"https:\/\/umacieja.net\/blog\/wp-content\/uploads\/2015\/03\/Obraz-174-745x1024.jpg 745w, https:\/\/umacieja.net\/blog\/wp-content\/uploads\/2015\/03\/Obraz-174-218x300.jpg 218w, https:\/\/umacieja.net\/blog\/wp-content\/uploads\/2015\/03\/Obraz-174.jpg 1700w\" sizes=\"(max-width: 496px) 100vw, 496px\" \/><\/a>Szuka\u0142em w archiwum parafialnym danych z wyposa\u017cenia ko\u015bcio\u0142a z XIX wieku. Chodzi\u0142o o potwierdzenie autentyczno\u015bci obrazu \u015bw. Miko\u0142aja. Znalaz\u0142em protok\u00f3\u0142 z przekazania parafii ks. Adamowi Or\u0142owskiemu. <em>(Ks. Adam Or\u0142owski. Przyby\u0142 do Dulska 6 listopada 1832r. Urodzony w Raczycach w parafii Lubowidz. Uczy\u0142 si\u0119 w \u017burominie i w Warszawie u ksi\u0119\u017cy Misjonarzy, do kt\u00f3rych wst\u0105pi\u0142. Po sko\u0144czonych studiach i przyj\u0119ciu \u015bwi\u0119ce\u0144 uczy\u0142 w seminarium w Krakowie i W\u0142oc\u0142awku. Opu\u015bciwszy zgromadzenie dla s\u0142abo\u015bci zdrowia, szuka\u0142 polepszenia w wiejskiej ustroni. Przyzwyczajony do wspania\u0142ych ko\u015bcio\u0142\u00f3w, nie m\u00f3g\u0142 oboj\u0119tnie patrze\u0107 na ub\u00f3stwo dulskiego i pragn\u0105\u0142 jego stan polepszy\u0107. Zmar\u0142 dnia 14 stycznia 1850r. maj\u0105c 54 lata, pochowany w Dulsku przy drzwiach od strony plebanii<\/em>.) I tam w tym dokumencie jest opis o\u0142tarza po lewej stronie, na kt\u00f3rym jest obraz w\u0142a\u015bnie \u015bw. Miko\u0142aja, a nie jak to podaje Wojew\u00f3dzki Konserwator na tzw. &#8222;bia\u0142ej karcie&#8221; &#8211; \u015bw. Wojciecha.<\/p>\n<p>Przepadkiem znalaz\u0142em te\u017c inny dokument z XIX wieku: akt notarialny, kt\u00f3ry dotyczy przekazania ziemi dla parafii przez w\u0142a\u015bciciela Dulska <a href=\"http:\/\/www.parafiadulsk.pl\/galeria\/displayimage.php?album=73&amp;pos=25\">J\u00f3zefa Wysockiego<\/a>. W zamian kolator prosi\u0142 o msze \u015bwi\u0119te w intencji jego samego i jego rodziny. Co mnie mocno uderzy\u0142o? Pierwsza strona tego\u017c aktu notarialnego! (widoczna na zdj\u0119ciu).\u00a0 Wst\u0119p brzmi pora\u017caj\u0105co: &#8222;My Miko\u0142aj I, cesarz Wszech &#8211; Rosji, Kr\u00f3l Polski&#8230;&#8221;. W kontek\u015bcie dzia\u0142a\u0144 dzisiejszego &#8222;cara Rosji&#8221;, nad kt\u00f3rymi &#8222;\u015bwiat wyra\u017ca swoje g\u0142\u0119bokie ubolewania&#8221;, ogarn\u0119\u0142o mnie przera\u017cenie. Do czego posunie si\u0119 jeszcze ten dzisiejszy car? Jak\u0105 kolejn\u0105 granic\u0119 przekroczy? Co siedzi w jego g\u0142owie? Czy chcia\u0142by zosta\u0107 kr\u00f3lem Ukrainy, Mo\u0142dawii, Estonii, Litwy, \u0141otwy i Polski? Co kryje si\u0119 w tym cz\u0142owieku &#8211; zapyta\u0142by Jezus z Ewangelii na III Niedziel\u0119 Wielkiego Postu? Prawda o pora\u017ceniu grzechem pierworodnym naszej ludzkiej natury jest odpowiedzi\u0105 na te pytania.<\/p>\n<p>Ostatni koronowany kr\u00f3l Polski nie lubi\u0142 nas raczej. Znane s\u0105 <a href=\"http:\/\/www.fronda.pl\/forum\/car-mikolaj-i-o-polakach,61013.html?page=1&amp;#comments\">trzy zdania wyra\u017cone przez cara Miko\u0142aja I o Polakach. <\/a>&#8222;Moj\u0105 misj\u0105 jest zrobi\u0107 raz koniec z Dominus vobiscum i z polonizmem\u201d. \u201ePolacy dziel\u0105 si\u0119 u mnie na dwa rodzaje, na tych, kt\u00f3rych nienawidz\u0119, i na tych, kt\u00f3rymi gardz\u0119\u201d. \u201eNie wiem, czy b\u0119dzie jeszcze kiedy jaka Polska, ale tego jestem pewien, \u017ce nie b\u0119dzie ju\u017c Polak\u00f3w\u201d.<\/p>\n<p><em>&#8221; Historia magistra vitae est&#8221;<\/em>. Ta sentencja pokazuje, \u017ce z\u0142o \u201elubi si\u0119\u201d powiela\u0107, to znaczy nast\u0119puje reakcja \u0142a\u0144cuchowa. Je\u015bli nie zahamuje si\u0119 rozwoju z\u0142a, coraz wi\u0119ksze przest\u0119pstwa staj\u0105 si\u0119 mo\u017cliwe i dopuszczone przez sumienie.<\/p>\n<p>Ja nie chc\u0119 takiego kr\u00f3la Polski&#8230;<a href=\"http:\/\/altiok.blox.pl\/2011\/05\/24-V-1829-Ostatni-krol-Polski.html\">On sam siebie koronowa\u0142<\/a>.<\/p>\n<p>&nbsp;<\/p>\n","protected":false},"excerpt":{"rendered":"<p>Szuka\u0142em w archiwum parafialnym danych z wyposa\u017cenia ko\u015bcio\u0142a z XIX wieku. Chodzi\u0142o o potwierdzenie autentyczno\u015bci obrazu \u015bw. Miko\u0142aja. Znalaz\u0142em protok\u00f3\u0142 z przekazania parafii ks. Adamowi Or\u0142owskiemu. (Ks. Adam Or\u0142owski. Przyby\u0142 do Dulska 6 listopada 1832r. Urodzony w Raczycach w parafii Lubowidz. Uczy\u0142 si\u0119 w \u017burominie i w Warszawie u ksi\u0119\u017cy Misjonarzy, do kt\u00f3rych wst\u0105pi\u0142. Po [&hellip;]<\/p>\n","protected":false},"author":1,"featured_media":0,"comment_status":"open","ping_status":"closed","sticky":false,"template":"","format":"standard","meta":{"ngg_post_thumbnail":0},"categories":[1],"tags":[],"_links":{"self":[{"href":"https:\/\/umacieja.net\/blog\/index.php?rest_route=\/wp\/v2\/posts\/2796"}],"collection":[{"href":"https:\/\/umacieja.net\/blog\/index.php?rest_route=\/wp\/v2\/posts"}],"about":[{"href":"https:\/\/umacieja.net\/blog\/index.php?rest_route=\/wp\/v2\/types\/post"}],"author":[{"embeddable":true,"href":"https:\/\/umacieja.net\/blog\/index.php?rest_route=\/wp\/v2\/users\/1"}],"replies":[{"embeddable":true,"href":"https:\/\/umacieja.net\/blog\/index.php?rest_route=%2Fwp%2Fv2%2Fcomments&post=2796"}],"version-history":[{"count":0,"href":"https:\/\/umacieja.net\/blog\/index.php?rest_route=\/wp\/v2\/posts\/2796\/revisions"}],"wp:attachment":[{"href":"https:\/\/umacieja.net\/blog\/index.php?rest_route=%2Fwp%2Fv2%2Fmedia&parent=2796"}],"wp:term":[{"taxonomy":"category","embeddable":true,"href":"https:\/\/umacieja.net\/blog\/index.php?rest_route=%2Fwp%2Fv2%2Fcategories&post=2796"},{"taxonomy":"post_tag","embeddable":true,"href":"https:\/\/umacieja.net\/blog\/index.php?rest_route=%2Fwp%2Fv2%2Ftags&post=2796"}],"curies":[{"name":"wp","href":"https:\/\/api.w.org\/{rel}","templated":true}]}}