{"id":2783,"date":"2015-02-19T11:44:38","date_gmt":"2015-02-19T09:44:38","guid":{"rendered":"http:\/\/www.umacieja.net\/blog\/?p=2783"},"modified":"2015-02-19T21:15:39","modified_gmt":"2015-02-19T19:15:39","slug":"ludzie-spod-krzyza","status":"publish","type":"post","link":"https:\/\/umacieja.net\/blog\/?p=2783","title":{"rendered":"Ludzie spod krzy\u017ca"},"content":{"rendered":"<p><a href=\"http:\/\/www.umacieja.net\/blog\/wp-content\/uploads\/2015\/02\/Portugalia_117.jpg\"><img decoding=\"async\" loading=\"lazy\" class=\"aligncenter  wp-image-2784\" src=\"http:\/\/www.umacieja.net\/blog\/wp-content\/uploads\/2015\/02\/Portugalia_117.jpg\" alt=\"SONY DSC\" width=\"538\" height=\"357\" srcset=\"https:\/\/umacieja.net\/blog\/wp-content\/uploads\/2015\/02\/Portugalia_117.jpg 600w, https:\/\/umacieja.net\/blog\/wp-content\/uploads\/2015\/02\/Portugalia_117-300x199.jpg 300w\" sizes=\"(max-width: 538px) 100vw, 538px\" \/><\/a><\/p>\n<p>Taki temat niesie nam w tym roku <a href=\"http:\/\/gosc.pl\/Post_2015\">Go\u015b\u0107 Niedzielny<\/a> i <a href=\"http:\/\/malygosc.pl\/\">Ma\u0142y Go\u015b\u0107 Niedzielny<\/a>. Ka\u017cdy z nas kiedy\u015b stanie pod krzy\u017cem &#8211; czy tego chce, czy nie. Warto si\u0119 wi\u0119c przygotowa\u0107 na to stani\u0119cie z innymi pod krzy\u017cem.<\/p>\n<p>Niedawno, podczas\u00a0 konwencji wyborczej kandydata na prezydenta Andrzeja Dudy, c\u00f3rka Czes\u0142awa Niemena &#8211; Natalia &#8211; za\u015bpiewa\u0142a s\u0142ynn\u0105 piosenk\u0119 ojca <a href=\"https:\/\/www.youtube.com\/watch?v=UVtX3Ej3AUI\">&#8222;Dziwny jest ten \u015bwiat&#8221;<\/a>. Znamy jej mocne i prawdziwe przes\u0142anie:<br \/>\n<em>Dziwny jest ten \u015bwiat,<\/em><br \/>\n<em>gdzie jeszcze wci\u0105\u017c<\/em><br \/>\n<em>mie\u015bci si\u0119 wiele z\u0142a.<\/em><br \/>\n<em>I dziwne jest to,<\/em><br \/>\n<em>\u017ce od tylu lat<\/em><br \/>\n<em>cz\u0142owiekiem gardzi cz\u0142owiek. <\/em><\/p>\n<p><em>(&#8230;) cz\u0119sto jest,<\/em><br \/>\n<em>\u017ce kto\u015b s\u0142owem z\u0142ym<\/em><br \/>\n<em>zabija tak, jak no\u017cem. <\/em><\/p>\n<p><em>(&#8230;) Nadszed\u0142 ju\u017c czas,<\/em><br \/>\n<em>najwy\u017cszy czas,<\/em><br \/>\n<em>nienawi\u015b\u0107 zniszczy\u0107 w sobie.\u00a0<\/em><\/p>\n<p>Oczywi\u015bcie zaraz pojawi\u0142y si\u0119 komentarze na portalach internetowych, potwierdzaj\u0105ce, \u017ce \u015bwiat, w kt\u00f3rym \u017cyjemy jest &#8222;dziwny&#8221;: przepe\u0142niony nienawi\u015bci\u0105, z\u0142em, pogard\u0105. S\u0142owem zabija si\u0119 jak mieczem. <a href=\"http:\/\/wiadomosci.onet.pl\/tylko-w-onecie\/hejt-na-natalie-niemen-po-wystepie-na-imprezie-pis\/7k3sx\">Cytuj\u0119:<\/a> <em>&#8222;O nie. Taka wokalistka, taki pi\u0119kny g\u0142os, a m\u00f3zg zlasowany ideologi\u0105 religijn\u0105. Natalio! Nie id\u017a t\u0105 drog\u0105!&#8221;<\/em> A przecie\u017c ju\u017c tyle lat \u015bpiewamy, \u017ceby nienawi\u015b\u0107 zniszczy\u0107 w sobie. Jak trudno przychodzi to niekt\u00f3rym&#8230;<\/p>\n<p>Jezus to uczyni\u0142 ju\u017c dawno, bo 2000 lat temu. Na KRZY\u017bU. Staj\u0119 wi\u0119c i ja pod NIM. Razem z um\u0119czonymi <a href=\"http:\/\/gosc.pl\/doc\/2362245.Debalcewe-z-lotu-ptaka\">mieszka\u0144cami Ukrainy<\/a>, z <a href=\"https:\/\/www.facebook.com\/photo.php?fbid=10206158375825012&amp;set=a.2863769599988.150908.1432182609&amp;type=1&amp;theater\">koptyjskimi chrze\u015bcijanami z Egiptu. <\/a><\/p>\n<p>&nbsp;<\/p>\n","protected":false},"excerpt":{"rendered":"<p>Taki temat niesie nam w tym roku Go\u015b\u0107 Niedzielny i Ma\u0142y Go\u015b\u0107 Niedzielny. Ka\u017cdy z nas kiedy\u015b stanie pod krzy\u017cem &#8211; czy tego chce, czy nie. Warto si\u0119 wi\u0119c przygotowa\u0107 na to stani\u0119cie z innymi pod krzy\u017cem. Niedawno, podczas\u00a0 konwencji wyborczej kandydata na prezydenta Andrzeja Dudy, c\u00f3rka Czes\u0142awa Niemena &#8211; Natalia &#8211; za\u015bpiewa\u0142a s\u0142ynn\u0105 piosenk\u0119 [&hellip;]<\/p>\n","protected":false},"author":1,"featured_media":0,"comment_status":"open","ping_status":"closed","sticky":false,"template":"","format":"standard","meta":{"ngg_post_thumbnail":0},"categories":[1],"tags":[],"_links":{"self":[{"href":"https:\/\/umacieja.net\/blog\/index.php?rest_route=\/wp\/v2\/posts\/2783"}],"collection":[{"href":"https:\/\/umacieja.net\/blog\/index.php?rest_route=\/wp\/v2\/posts"}],"about":[{"href":"https:\/\/umacieja.net\/blog\/index.php?rest_route=\/wp\/v2\/types\/post"}],"author":[{"embeddable":true,"href":"https:\/\/umacieja.net\/blog\/index.php?rest_route=\/wp\/v2\/users\/1"}],"replies":[{"embeddable":true,"href":"https:\/\/umacieja.net\/blog\/index.php?rest_route=%2Fwp%2Fv2%2Fcomments&post=2783"}],"version-history":[{"count":0,"href":"https:\/\/umacieja.net\/blog\/index.php?rest_route=\/wp\/v2\/posts\/2783\/revisions"}],"wp:attachment":[{"href":"https:\/\/umacieja.net\/blog\/index.php?rest_route=%2Fwp%2Fv2%2Fmedia&parent=2783"}],"wp:term":[{"taxonomy":"category","embeddable":true,"href":"https:\/\/umacieja.net\/blog\/index.php?rest_route=%2Fwp%2Fv2%2Fcategories&post=2783"},{"taxonomy":"post_tag","embeddable":true,"href":"https:\/\/umacieja.net\/blog\/index.php?rest_route=%2Fwp%2Fv2%2Ftags&post=2783"}],"curies":[{"name":"wp","href":"https:\/\/api.w.org\/{rel}","templated":true}]}}