{"id":2772,"date":"2015-02-12T22:22:52","date_gmt":"2015-02-12T20:22:52","guid":{"rendered":"http:\/\/www.umacieja.net\/blog\/?p=2772"},"modified":"2015-02-12T22:29:35","modified_gmt":"2015-02-12T20:29:35","slug":"paczek-w-sluzbie-ewangelizacji","status":"publish","type":"post","link":"https:\/\/umacieja.net\/blog\/?p=2772","title":{"rendered":"P\u0105czek w s\u0142u\u017cbie Ewangelizacji"},"content":{"rendered":"<p><a href=\"http:\/\/www.umacieja.net\/blog\/wp-content\/uploads\/2015\/02\/T\u0142usty_czwartek_2015_055.jpg\"><img decoding=\"async\" loading=\"lazy\" class=\"aligncenter  wp-image-2773\" src=\"http:\/\/www.umacieja.net\/blog\/wp-content\/uploads\/2015\/02\/T\u0142usty_czwartek_2015_055.jpg\" alt=\"SONY DSC\" width=\"494\" height=\"328\" srcset=\"https:\/\/umacieja.net\/blog\/wp-content\/uploads\/2015\/02\/T\u0142usty_czwartek_2015_055.jpg 600w, https:\/\/umacieja.net\/blog\/wp-content\/uploads\/2015\/02\/T\u0142usty_czwartek_2015_055-300x199.jpg 300w\" sizes=\"(max-width: 494px) 100vw, 494px\" \/><\/a><\/p>\n<p>T\u0142usty czwartek obchodzimy bardzo uroczy\u015bcie. Media nas informuj\u0105 od kilku dni o tym \u015bwi\u0119cie. Przeliczaj\u0105 kalorie. Ile mo\u017cna zje\u015b\u0107, a ile trzeba czasu biega\u0107, aby spali\u0107 te kalorie. Obowi\u0105zkowo trzeba \u015bwi\u0119towa\u0107 ten czwartek t\u0142usty. Ale gdy cofniemy si\u0119 10 dni do \u015awi\u0119ta Ofiarowania Pa\u0144skiego obchodzonego 02 lutego (Matki Boskiej Gromnicznej), to nie zauwa\u017cy\u0142em, aby media politycznie poprawne co\u015b wspomnia\u0142y o tym pi\u0119knym \u015bwi\u0119cie. Natomiast do uprzykrzenia 02 lutego mogli\u015bmy us\u0142ysze\u0107, \u017ce to jest dzie\u0144 \u015bwistaka: <em>co roku 2 lutego \u015bwistak jest wyci\u0105gany ze swojej norki. Je\u015bli po wyj\u015bciu na powierzchni\u0119 zobaczy sw\u00f3j cie\u0144, to oznacza to, \u017ce zima potrwa jeszcze sze\u015b\u0107 tygodni. Je\u015bli nie, to wiosna jest tu\u017c tu\u017c. Przepowiednia ta sprawdza si\u0119 w oko\u0142o 50% przypadk\u00f3w &#8211; czyli po polsku m\u00f3wi\u0105c: &#8222;na dwoje babka wr\u00f3\u017cy\u0142a&#8221;. <\/em>To znak czas\u00f3w. P0-ganieje nam kraj!<em><br \/>\n<\/em><\/p>\n<p>Postanowi\u0142em wi\u0119c wykorzysta\u0107 dzisiejsze &#8222;t\u0142uste p\u0105czkowanie&#8221; do ewangelizacji. Poprosi\u0142em dobre kobiety (kucharki, wo\u017ane, matki) ze szk\u00f3\u0142 w parafii i gminie, aby usma\u017cy\u0142y p\u0105czki dla wszystkich obecnych w szkole. Wiedzia\u0142em, \u017ce to praca nie\u0142atwa &#8211; na tyle os\u00f3b przygotowa\u0107 p\u0105czka albo dwa. Zgodzi\u0142y si\u0119. Dzisiaj od wczesnego rana <a href=\"http:\/\/www.parafiadulsk.pl\/galeria\/thumbnails.php?album=26\">pachnia\u0142a p\u0105czkami praca w szkolnych kuchniach.<\/a> Obliczy\u0142em, \u017ce usma\u017cono ponad 650 p\u0105czk\u00f3w w 4 szko\u0142ach. Przy &#8222;dzieleniu si\u0119 p\u0105czkiem&#8221; mia\u0142em okazj\u0119 zapyta\u0107 i co\u015b powiedzie\u0107 m\u0142odym chrze\u015bcijanom. Zapyta\u0142em o dzisiejszy dzie\u0144. Wszyscy wiedzieli, \u017ce dzisiejszy czwartek jest &#8222;t\u0142ustym \u015bwi\u0119tem&#8221;. Ale w wi\u0119kszo\u015bci nie wiedzieli sk\u0105d si\u0119 wzi\u0119\u0142o i co zapowiada?<\/p>\n<p>Obchodz\u0105cym &#8222;t\u0142usty czwartek&#8221; \u017cyczy\u0142em, aby wystarczy\u0142o kalorii na zbli\u017caj\u0105cy si\u0119 Wielki Post, kt\u00f3ry jest dla chrze\u015bcijan wa\u017cnym sprawdzianem: walk\u0105 duchow\u0105. \u017bycz\u0119 wygranych bitew i zwyci\u0119skiej wojny o wieczno\u015b\u0107&#8230;<\/p>\n<p><em>\u00a0<\/em><\/p>\n","protected":false},"excerpt":{"rendered":"<p>T\u0142usty czwartek obchodzimy bardzo uroczy\u015bcie. Media nas informuj\u0105 od kilku dni o tym \u015bwi\u0119cie. Przeliczaj\u0105 kalorie. Ile mo\u017cna zje\u015b\u0107, a ile trzeba czasu biega\u0107, aby spali\u0107 te kalorie. Obowi\u0105zkowo trzeba \u015bwi\u0119towa\u0107 ten czwartek t\u0142usty. Ale gdy cofniemy si\u0119 10 dni do \u015awi\u0119ta Ofiarowania Pa\u0144skiego obchodzonego 02 lutego (Matki Boskiej Gromnicznej), to nie zauwa\u017cy\u0142em, aby media [&hellip;]<\/p>\n","protected":false},"author":1,"featured_media":0,"comment_status":"open","ping_status":"closed","sticky":false,"template":"","format":"standard","meta":{"ngg_post_thumbnail":0},"categories":[1],"tags":[],"_links":{"self":[{"href":"https:\/\/umacieja.net\/blog\/index.php?rest_route=\/wp\/v2\/posts\/2772"}],"collection":[{"href":"https:\/\/umacieja.net\/blog\/index.php?rest_route=\/wp\/v2\/posts"}],"about":[{"href":"https:\/\/umacieja.net\/blog\/index.php?rest_route=\/wp\/v2\/types\/post"}],"author":[{"embeddable":true,"href":"https:\/\/umacieja.net\/blog\/index.php?rest_route=\/wp\/v2\/users\/1"}],"replies":[{"embeddable":true,"href":"https:\/\/umacieja.net\/blog\/index.php?rest_route=%2Fwp%2Fv2%2Fcomments&post=2772"}],"version-history":[{"count":0,"href":"https:\/\/umacieja.net\/blog\/index.php?rest_route=\/wp\/v2\/posts\/2772\/revisions"}],"wp:attachment":[{"href":"https:\/\/umacieja.net\/blog\/index.php?rest_route=%2Fwp%2Fv2%2Fmedia&parent=2772"}],"wp:term":[{"taxonomy":"category","embeddable":true,"href":"https:\/\/umacieja.net\/blog\/index.php?rest_route=%2Fwp%2Fv2%2Fcategories&post=2772"},{"taxonomy":"post_tag","embeddable":true,"href":"https:\/\/umacieja.net\/blog\/index.php?rest_route=%2Fwp%2Fv2%2Ftags&post=2772"}],"curies":[{"name":"wp","href":"https:\/\/api.w.org\/{rel}","templated":true}]}}