{"id":2715,"date":"2015-01-15T17:59:23","date_gmt":"2015-01-15T15:59:23","guid":{"rendered":"http:\/\/www.umacieja.net\/blog\/?p=2715"},"modified":"2015-01-15T20:37:31","modified_gmt":"2015-01-15T18:37:31","slug":"obecni-w-betlejem","status":"publish","type":"post","link":"https:\/\/umacieja.net\/blog\/?p=2715","title":{"rendered":"Jeste\u015bmy obecni w Betlejem"},"content":{"rendered":"<p>Z woli papie\u017ca Franciszka od I niedzieli Adwentu 2014 r. do 02 lutego roku 2016 w ca\u0142ym Ko\u015bciele trwa <a href=\"http:\/\/diecezjaplocka.pl\/dla-wiernych\/aktualnosci\/112014\/inauguracja-roku-zycia-konsekrowanego-w-diecezji-plockiej\" target=\"_blank\">Rok \u017bycia Konsekrowanego<\/a>. Modlimy si\u0119 o nowe powo\u0142ania, pami\u0119tajmy w modlitwie o tych, kt\u00f3rzy po\u015bwi\u0119cili Bogu swoje \u017cycie. Z mojej parafii dar powo\u0142ana otrzyma\u0142y trzy kobiety: s. Agnieszka\u00a0 Burak z Dulskich Rumunek &#8211; klaryska, s. Zofia Bielanowska z Wilczewa &#8211; pasterka od Opatrzno\u015bci Bo\u017cej, s. Maria Cecylia Cie\u015blak z Kamionki &#8211; s\u0142u\u017cebniczka Niepokalanego Pocz\u0119cia NMP.<\/p>\n<p>W wigili\u0119 Bo\u017cego Narodzenia ok g. 17.00 otrzyma\u0142em e-maila od Si\u00f3str Karmelitanek Bosych z Betlejem, kt\u00f3re odwiedzi\u0142em 7 lat temu. Tekst zamieszczam poni\u017cej. To pi\u0119kny znak czasu, gdy w Wigili\u0119 Siostry Karmelitanki z Betlejem zapewniaj\u0105 o swej przyja\u017ani i modlitwie. I najwa\u017cniejsze jest to, \u017ce jeste\u015bmy TAM obecni w g\u0142\u0119bokiej siostrzanej przyja\u017ani i modlitwie. Smutne i biedne by\u0142oby nasze \u017cycie bez konsekrowanego \u017cycia&#8230;<\/p>\n<p>Zapraszam do obejrzenia filmu o niezwyk\u0142ym i \u015bwi\u0119tym \u017cyciu <a href=\"https:\/\/www.youtube.com\/watch?v=2o8yXgZ-UoM\">&#8222;Ma\u0142ej Arabki&#8221; &#8211; karmelitanki z Betlejem<\/a>, kt\u00f3ra wkr\u00f3tce zostanie kanonizowana.<\/p>\n<p>&nbsp;<\/p>\n<p><a href=\"http:\/\/www.umacieja.net\/blog\/wp-content\/uploads\/2015\/01\/Betlejem.jpeg\"><img decoding=\"async\" loading=\"lazy\" class=\"aligncenter wp-image-2717\" src=\"http:\/\/www.umacieja.net\/blog\/wp-content\/uploads\/2015\/01\/Betlejem-744x1024.jpeg\" alt=\"Betlejem\" width=\"627\" height=\"863\" srcset=\"https:\/\/umacieja.net\/blog\/wp-content\/uploads\/2015\/01\/Betlejem-744x1024.jpeg 744w, https:\/\/umacieja.net\/blog\/wp-content\/uploads\/2015\/01\/Betlejem-218x300.jpeg 218w, https:\/\/umacieja.net\/blog\/wp-content\/uploads\/2015\/01\/Betlejem.jpeg 1700w\" sizes=\"(max-width: 627px) 100vw, 627px\" \/><\/a><\/p>\n","protected":false},"excerpt":{"rendered":"<p>Z woli papie\u017ca Franciszka od I niedzieli Adwentu 2014 r. do 02 lutego roku 2016 w ca\u0142ym Ko\u015bciele trwa Rok \u017bycia Konsekrowanego. Modlimy si\u0119 o nowe powo\u0142ania, pami\u0119tajmy w modlitwie o tych, kt\u00f3rzy po\u015bwi\u0119cili Bogu swoje \u017cycie. Z mojej parafii dar powo\u0142ana otrzyma\u0142y trzy kobiety: s. Agnieszka\u00a0 Burak z Dulskich Rumunek &#8211; klaryska, s. Zofia [&hellip;]<\/p>\n","protected":false},"author":1,"featured_media":0,"comment_status":"open","ping_status":"closed","sticky":false,"template":"","format":"standard","meta":{"ngg_post_thumbnail":0},"categories":[1],"tags":[],"_links":{"self":[{"href":"https:\/\/umacieja.net\/blog\/index.php?rest_route=\/wp\/v2\/posts\/2715"}],"collection":[{"href":"https:\/\/umacieja.net\/blog\/index.php?rest_route=\/wp\/v2\/posts"}],"about":[{"href":"https:\/\/umacieja.net\/blog\/index.php?rest_route=\/wp\/v2\/types\/post"}],"author":[{"embeddable":true,"href":"https:\/\/umacieja.net\/blog\/index.php?rest_route=\/wp\/v2\/users\/1"}],"replies":[{"embeddable":true,"href":"https:\/\/umacieja.net\/blog\/index.php?rest_route=%2Fwp%2Fv2%2Fcomments&post=2715"}],"version-history":[{"count":0,"href":"https:\/\/umacieja.net\/blog\/index.php?rest_route=\/wp\/v2\/posts\/2715\/revisions"}],"wp:attachment":[{"href":"https:\/\/umacieja.net\/blog\/index.php?rest_route=%2Fwp%2Fv2%2Fmedia&parent=2715"}],"wp:term":[{"taxonomy":"category","embeddable":true,"href":"https:\/\/umacieja.net\/blog\/index.php?rest_route=%2Fwp%2Fv2%2Fcategories&post=2715"},{"taxonomy":"post_tag","embeddable":true,"href":"https:\/\/umacieja.net\/blog\/index.php?rest_route=%2Fwp%2Fv2%2Ftags&post=2715"}],"curies":[{"name":"wp","href":"https:\/\/api.w.org\/{rel}","templated":true}]}}